{"id":962,"date":"2012-01-04T18:46:32","date_gmt":"2012-01-04T20:46:32","guid":{"rendered":"http:\/\/www.encontrajabaquara.com.br\/noticias\/?p=962"},"modified":"2013-08-14T01:31:58","modified_gmt":"2013-08-14T03:31:58","slug":"centro-cultural-do-jabaquara-apresenta-choro-da-manha","status":"publish","type":"post","link":"https:\/\/www.encontrajabaquara.com.br\/noticias\/centro-cultural-do-jabaquara-apresenta-choro-da-manha\/","title":{"rendered":"Centro Cultural do Jabaquara apresenta Choro da Manh\u00e3"},"content":{"rendered":"<p>Para os amantes da boa m\u00fasica, n\u00e3o deixem de conferir neste domingo, 8 de Janeiro \u00e0s 11h00 no Centro Cultural do Jabaquara mais uma edi\u00e7\u00e3o do projeto Choro na Manh\u00e3 com o Conjunto Retratos, grupo musical formado pelos m\u00fasicos Cesar Ricardo (Viol\u00e3o 7 cordas), Alex Mendes (Bandolim), Paulo Gilberto (Flauta), Alexander Proc\u00f3pio (Viol\u00e3o 6 cordas) Fernando Henrique (Cavaquinho) e Donisete Fernandes (Pandeiro).<\/p>\n<p>Realizado mensalmente, sempre no primeiro domingo do m\u00eas, nesta edi\u00e7\u00e3o de n.\u00ba 63, o grupo apresentar\u00e1 em comemora\u00e7\u00e3o ao anivers\u00e1rio da cidade de S\u00e3o Paulo um repert\u00f3rio com m\u00fasicas de compositores paulistas, nomes como Zequinha de Abreu, Bonfiglio de Oliveira, An\u00edbal Augusto Sardinha, Orlando Silveira, Esmeraldino Sales, Copinha, At\u00edlio Granny entre outros.<\/p>\n<p>A entrada \u00e9 gratuita e antes da apresenta\u00e7\u00e3o o p\u00fablico \u00e9 recepcionado com o tradicional caf\u00e9 da manh\u00e3.<\/p>\n<p>Centro Cultural do Jabaquara<br \/>\nRua Ars\u00eanio Tavolieri n.\u00ba 45, Vila Oriental, Bairro Jabaquara \u00a0<br \/>\nPr\u00f3ximo ao Metr\u00f4 Jabaquara<br \/>\nTelefone (11) 5011-2421<\/p>\n<p>Quantidade de lugares 200.<\/p>\n","protected":false},"excerpt":{"rendered":"<p>Para os amantes da boa m\u00fasica, n\u00e3o deixem de conferir neste domingo, 8 de Janeiro \u00e0s 11h00 no Centro Cultural do Jabaquara mais uma edi\u00e7\u00e3o do projeto Choro na Manh\u00e3 com o Conjunto Retratos, grupo musical formado pelos m\u00fasicos Cesar Ricardo (Viol\u00e3o 7 cordas), Alex Mendes (Bandolim), Paulo Gilberto (Flauta), Alexander Proc\u00f3pio (Viol\u00e3o 6 cordas) [&hellip;]<\/p>\n","protected":false},"author":1,"featured_media":0,"comment_status":"open","ping_status":"open","sticky":false,"template":"","format":"standard","meta":{"footnotes":""},"categories":[6],"tags":[],"_links":{"self":[{"href":"https:\/\/www.encontrajabaquara.com.br\/noticias\/wp-json\/wp\/v2\/posts\/962"}],"collection":[{"href":"https:\/\/www.encontrajabaquara.com.br\/noticias\/wp-json\/wp\/v2\/posts"}],"about":[{"href":"https:\/\/www.encontrajabaquara.com.br\/noticias\/wp-json\/wp\/v2\/types\/post"}],"author":[{"embeddable":true,"href":"https:\/\/www.encontrajabaquara.com.br\/noticias\/wp-json\/wp\/v2\/users\/1"}],"replies":[{"embeddable":true,"href":"https:\/\/www.encontrajabaquara.com.br\/noticias\/wp-json\/wp\/v2\/comments?post=962"}],"version-history":[{"count":0,"href":"https:\/\/www.encontrajabaquara.com.br\/noticias\/wp-json\/wp\/v2\/posts\/962\/revisions"}],"wp:attachment":[{"href":"https:\/\/www.encontrajabaquara.com.br\/noticias\/wp-json\/wp\/v2\/media?parent=962"}],"wp:term":[{"taxonomy":"category","embeddable":true,"href":"https:\/\/www.encontrajabaquara.com.br\/noticias\/wp-json\/wp\/v2\/categories?post=962"},{"taxonomy":"post_tag","embeddable":true,"href":"https:\/\/www.encontrajabaquara.com.br\/noticias\/wp-json\/wp\/v2\/tags?post=962"}],"curies":[{"name":"wp","href":"https:\/\/api.w.org\/{rel}","templated":true}]}}