{"id":850,"date":"2011-11-18T01:37:29","date_gmt":"2011-11-18T03:37:29","guid":{"rendered":"http:\/\/www.encontrajabaquara.com.br\/noticias\/?p=850"},"modified":"2013-08-14T01:27:15","modified_gmt":"2013-08-14T03:27:15","slug":"iii-marcha-da-consciencia-negra-acontece-nesta-sexta-feira-no-jabaquara","status":"publish","type":"post","link":"https:\/\/www.encontrajabaquara.com.br\/noticias\/iii-marcha-da-consciencia-negra-acontece-nesta-sexta-feira-no-jabaquara\/","title":{"rendered":"III Marcha da Consci\u00eancia Negra acontece nesta sexta-feira no Jabaquara"},"content":{"rendered":"<p>Nesta sexta-feira (19\/11), \u00e0s 18h30, o bairro do Jabaquara recebe a <em>III Marcha da Consci\u00eancia Negra<\/em>, em comemora\u00e7\u00e3o ao Dia da Consci\u00eancia Negra, festejado todos os anos no dia 20 de novembro.<\/p>\n<p>A iniciativa \u00e9 o projeto A For\u00e7a da Cor da Associa\u00e7\u00e3o Crist\u00e3o de Mo\u00e7os &#8211; Centro de Desenvolvimento Comunit\u00e1rio &#8211; ACM\/ CDC Leide das Neves, juntamente com lideran\u00e7as comunit\u00e1rias e escolas da regi\u00e3o.<\/p>\n<p>A concentra\u00e7\u00e3o e encerramento ser\u00e1 na sede da associa\u00e7\u00e3o (rua Nelson Fernandes, 257), \u00e0s 18h30.<\/p>\n<p><strong>SERVI\u00c7O<br \/>\nIII marcha da Consci\u00eancia Negra<br \/>\nData: <\/strong>sexta-feira, 18\/11\/2010, \u00e0s 18h30<br \/>\n<strong>Local<\/strong>: ACM-CDC Leide das Neves<br \/>\n<strong>Endere\u00e7o:<\/strong> Rua Nelson Fernandes, 257<\/p>\n<p><em>Fonte: Prefeitura de S. Paulo<\/em><\/p>\n","protected":false},"excerpt":{"rendered":"<p>Nesta sexta-feira (19\/11), \u00e0s 18h30, o bairro do Jabaquara recebe a III Marcha da Consci\u00eancia Negra, em comemora\u00e7\u00e3o ao Dia da Consci\u00eancia Negra, festejado todos os anos no dia 20 de novembro. A iniciativa \u00e9 o projeto A For\u00e7a da Cor da Associa\u00e7\u00e3o Crist\u00e3o de Mo\u00e7os &#8211; Centro de Desenvolvimento Comunit\u00e1rio &#8211; ACM\/ CDC Leide [&hellip;]<\/p>\n","protected":false},"author":1,"featured_media":0,"comment_status":"open","ping_status":"open","sticky":false,"template":"","format":"standard","meta":{"footnotes":""},"categories":[6],"tags":[],"_links":{"self":[{"href":"https:\/\/www.encontrajabaquara.com.br\/noticias\/wp-json\/wp\/v2\/posts\/850"}],"collection":[{"href":"https:\/\/www.encontrajabaquara.com.br\/noticias\/wp-json\/wp\/v2\/posts"}],"about":[{"href":"https:\/\/www.encontrajabaquara.com.br\/noticias\/wp-json\/wp\/v2\/types\/post"}],"author":[{"embeddable":true,"href":"https:\/\/www.encontrajabaquara.com.br\/noticias\/wp-json\/wp\/v2\/users\/1"}],"replies":[{"embeddable":true,"href":"https:\/\/www.encontrajabaquara.com.br\/noticias\/wp-json\/wp\/v2\/comments?post=850"}],"version-history":[{"count":0,"href":"https:\/\/www.encontrajabaquara.com.br\/noticias\/wp-json\/wp\/v2\/posts\/850\/revisions"}],"wp:attachment":[{"href":"https:\/\/www.encontrajabaquara.com.br\/noticias\/wp-json\/wp\/v2\/media?parent=850"}],"wp:term":[{"taxonomy":"category","embeddable":true,"href":"https:\/\/www.encontrajabaquara.com.br\/noticias\/wp-json\/wp\/v2\/categories?post=850"},{"taxonomy":"post_tag","embeddable":true,"href":"https:\/\/www.encontrajabaquara.com.br\/noticias\/wp-json\/wp\/v2\/tags?post=850"}],"curies":[{"name":"wp","href":"https:\/\/api.w.org\/{rel}","templated":true}]}}