{"id":728,"date":"2011-09-06T11:11:04","date_gmt":"2011-09-06T13:11:04","guid":{"rendered":"http:\/\/www.encontrajabaquara.com.br\/noticias\/?p=728"},"modified":"2013-08-14T01:31:58","modified_gmt":"2013-08-14T03:31:58","slug":"centro-cultural-do-jabaquara-recebe-francisco-kenji","status":"publish","type":"post","link":"https:\/\/www.encontrajabaquara.com.br\/noticias\/centro-cultural-do-jabaquara-recebe-francisco-kenji\/","title":{"rendered":"Centro Cultural do Jabaquara recebe Francisco Kenji"},"content":{"rendered":"<p>S\u00e1bado, dia 10 de Setembro, a partir das 16h, os amantes da boa m\u00fasica e do viol\u00e3o poder\u00e3o conferir gratuitamente mais uma edi\u00e7\u00e3o do projeto \u201cS\u00e1bado Harm\u00f4nico\u201d que ser\u00e1 realizado no Centro Cultural guia do Jabaquara. Idealizado pelo professor e m\u00fasico Paulo Gilberto, nesta edi\u00e7\u00e3o, o recital ser\u00e1 realizado pelo jovem violonista Francisco Kenji.<\/p>\n<p>Atuante na \u00e1rea da m\u00fasica como professor, int\u00e9rprete, arranjador e compositor, Francisco Kenji estudou com grandes nomes do viol\u00e3o como Henrique Pinto, Paola Picherzky e Cec\u00edlia Siqueira. Se apresentou ao lado da camerata de viol\u00f5es do conservat\u00f3rio Villa Lobos, tocando em grupo e solo e tamb\u00e9m na camerata de viol\u00f5es NAMMUSIC. Recentemente participou de uma homenagem a Edmundo Villani C\u00f4rtes, sendo o segundo violonista a ter apresentado a pe\u00e7a &#8220;Pretencioso&#8221; ao pr\u00f3prio Villani.<\/p>\n<p>No programa, m\u00fasicas de Dilermando Reis, Zequinha de Abreu, Radam\u00e9s Gnatalli, J. Kaspar Mertz, Leo Brouwer, Arthur Sabbadin, Roland Dyens, Rafael Altro e uma composi\u00e7\u00e3o de sua autoria.<\/p>\n<p><strong><span style=\"text-decoration: underline;\">Servi\u00e7o:<\/span><\/strong><\/p>\n<p><strong>10 de Setembro \u00e0s 16h00<\/strong><\/p>\n<p><a title=\"Centro Cultural do Jabaquara\" href=\"http:\/\/www.encontrajabaquara.com.br\/jabaquara\/centro-cultural-jabaquara.shtml\" target=\"_self\">Centro Cultural do Jabaquara<\/a><br \/>\nRua Ars\u00eanio Tavolieri n.\u00ba 45 \u2013 Vila Oriental &#8211; S\u00e3o Paulo\/SP, Pr\u00f3ximo ao Metr\u00f4 Jabaquara.<br \/>\nEntrada gratuita<br \/>\nQuantidade de lugares: 200<br \/>\nInforma\u00e7\u00f5es: (11) 5011-2421<\/p>\n","protected":false},"excerpt":{"rendered":"<p>S\u00e1bado, dia 10 de Setembro, a partir das 16h, os amantes da boa m\u00fasica e do viol\u00e3o poder\u00e3o conferir gratuitamente mais uma edi\u00e7\u00e3o do projeto \u201cS\u00e1bado Harm\u00f4nico\u201d que ser\u00e1 realizado no Centro Cultural guia do Jabaquara. Idealizado pelo professor e m\u00fasico Paulo Gilberto, nesta edi\u00e7\u00e3o, o recital ser\u00e1 realizado pelo jovem violonista Francisco Kenji. Atuante [&hellip;]<\/p>\n","protected":false},"author":1,"featured_media":0,"comment_status":"open","ping_status":"open","sticky":false,"template":"","format":"standard","meta":{"footnotes":""},"categories":[6],"tags":[],"_links":{"self":[{"href":"https:\/\/www.encontrajabaquara.com.br\/noticias\/wp-json\/wp\/v2\/posts\/728"}],"collection":[{"href":"https:\/\/www.encontrajabaquara.com.br\/noticias\/wp-json\/wp\/v2\/posts"}],"about":[{"href":"https:\/\/www.encontrajabaquara.com.br\/noticias\/wp-json\/wp\/v2\/types\/post"}],"author":[{"embeddable":true,"href":"https:\/\/www.encontrajabaquara.com.br\/noticias\/wp-json\/wp\/v2\/users\/1"}],"replies":[{"embeddable":true,"href":"https:\/\/www.encontrajabaquara.com.br\/noticias\/wp-json\/wp\/v2\/comments?post=728"}],"version-history":[{"count":0,"href":"https:\/\/www.encontrajabaquara.com.br\/noticias\/wp-json\/wp\/v2\/posts\/728\/revisions"}],"wp:attachment":[{"href":"https:\/\/www.encontrajabaquara.com.br\/noticias\/wp-json\/wp\/v2\/media?parent=728"}],"wp:term":[{"taxonomy":"category","embeddable":true,"href":"https:\/\/www.encontrajabaquara.com.br\/noticias\/wp-json\/wp\/v2\/categories?post=728"},{"taxonomy":"post_tag","embeddable":true,"href":"https:\/\/www.encontrajabaquara.com.br\/noticias\/wp-json\/wp\/v2\/tags?post=728"}],"curies":[{"name":"wp","href":"https:\/\/api.w.org\/{rel}","templated":true}]}}