{"id":666,"date":"2011-08-09T09:08:59","date_gmt":"2011-08-09T11:08:59","guid":{"rendered":"http:\/\/www.encontrajabaquara.com.br\/noticias\/?p=666"},"modified":"2013-08-14T01:27:36","modified_gmt":"2013-08-14T03:27:36","slug":"apos-7-dias-telefonica-normaliza-servicos-em-jabaquara-em-sp-%e2%80%8e","status":"publish","type":"post","link":"https:\/\/www.encontrajabaquara.com.br\/noticias\/apos-7-dias-telefonica-normaliza-servicos-em-jabaquara-em-sp-%e2%80%8e\/","title":{"rendered":"Ap\u00f3s 7 dias, Telef\u00f4nica normaliza servi\u00e7os em Jabaquara, em SP \u200e"},"content":{"rendered":"<p>Os  servi\u00e7os da Telef\u00f4nica foram retomados, ao longo do \u00faltimo fim de  semana, no bairro do Jabaquara, na zona sul de S\u00e3o Paulo<\/p>\n<p>Os  servi\u00e7os da Telef\u00f4nica foram retomados, ao longo do \u00faltimo fim de  semana, no bairro da Sa\u00fade, na zona sul de S\u00e3o Paulo. Centenas de  im\u00f3veis da regi\u00e3o haviam ficado sem telefone e internet por mais de 160  horas.<\/p>\n<p>No s\u00e1bado retrasado (30), a fia\u00e7\u00e3o subterr\u00e2nea da empresa na regi\u00e3o  foi possivelmente cortada, segundo a pol\u00edcia, por ladr\u00f5es de cabos de  cobre. A empresa suspeita de um ato de vandalismo.<\/p>\n<p>Segundo a empresa de telefonia, os servi\u00e7os foram retomados em 100%  ao longo do fim de semana. Durante a semana passada, diz a Telef\u00f4nica,  para a maioria dos clientes o servi\u00e7o j\u00e1 havia sido normalizado.<\/p>\n<p>A Telef\u00f4nica n\u00e3o informou quantos clientes foram afetados. Mas  segundo funcion\u00e1rios da empresa, que trabalhavam na \u00faltima sexta-feira  (5) no reparo da fia\u00e7\u00e3o e n\u00e3o quiseram se identificar, o problema afetou  50 mil pessoas.<\/p>\n<p>Ainda de acordo com a empresa, os trabalhos no local deram trabalho  porque &#8216;exigem novos trechos de cabos e emenda do par de fios de cobre  de cada uma das linhas atingidas&#8217;.<\/p>\n<p><strong>PREJU\u00cdZO<\/strong><\/p>\n<p>Moradores, comerciantes e at\u00e9 ag\u00eancias banc\u00e1rias sofreram sem os servi\u00e7os.<\/p>\n<p>&#8220;Meu preju\u00edzo \u00e9 enorme. Na sexta retrasada gastei R$ 500 em an\u00fancios e  minha divulga\u00e7\u00e3o \u00e9 toda nesse telefone. Nesta semana, atendi apenas um  cliente&#8221;, afirma S\u00edlvio dos Santos, dono da imobili\u00e1ria da rua Paracat\u00fa.<\/p>\n<p>Bancos tamb\u00e9m sofreram sem os servi\u00e7os. O Ita\u00fa da altura do n\u00famero  2.700 da avenida Jabaquara precisou fechar ontem, no segundo dia sem  atividades na semana.<\/p>\n<p>Outro Ita\u00fa, pr\u00f3ximo dali, at\u00e9 funcionava, mas de forma prec\u00e1ria.  &#8220;Nossos caixas n\u00e3o foram afetados, mas os gerentes est\u00e3o usando  celulares pr\u00f3prios para trabalhar&#8221;, diz o atendente Guilherme Niza.<\/p>\n<p>J\u00e1 a auxiliar administrativa Maria Sandra Silva Noto, 36, que mora na  rua Ant\u00f4nio Gomide, lamenta que o problema tenha surgido justamente na  semana da volta \u00e0s aulas. &#8220;Meus filhos est\u00e3o indo \u00e0 lan house fazer  trabalhos&#8221;, diz.<\/p>\n<p>Segundo funcion\u00e1rios da Telef\u00f4nica, que trabalhavam no reparo da  fia\u00e7\u00e3o e n\u00e3o quiseram se identificar, o problema afetou 50 mil pessoas.<\/p>\n<p>A fia\u00e7\u00e3o de cobre tem sido alvo de criminosos na cidade. O quilo do  material chega a valer R$ 16, e os fios subterr\u00e2neos s\u00e3o mais visados.<\/p>\n<p><strong>FURTOS EM ALTA<\/strong><\/p>\n<p>De acordo com a Telef\u00f4nica, nos \u00faltimos 12 meses, cerca de 750 mil  pessoas em S\u00e3o Paulo ficaram algum per\u00edodo sem servi\u00e7o devido a furto de  cabos de cobre.<\/p>\n<p>Ainda segundo dados da empresa, entre 2009 e 2010, os furtos de fios  cresceram mais de 40% (1.041 contra 1.483 km subtra\u00eddos). S\u00f3 neste ano,  entre janeiro e junho, foram furtados 682 km.<\/p>\n<p>H\u00e1 suspeita de que quadrilhas especializadas usem carros  caracterizados, uniformes e at\u00e9 ordem de servi\u00e7o fria. &#8220;Mas j\u00e1  desmantelamos uma quadrilha e estamos perto de prender outra&#8221;, diz o  delegado Jan Plzak, do Deic (departamento de investiga\u00e7\u00f5es de crime  organizado).<\/p>\n<p>Sobre os furtos de cabos, a Telef\u00f4nica disse ter investido mais de R$  40 milh\u00f5es nos \u00faltimos 12 meses para reposi\u00e7\u00e3o do material subtra\u00eddo.<\/p>\n<p>A empresa diz atender aos \u00edndices determinados pela Anatel: conserto  em 24 horas em 98% dos casos e em 48 horas para o restante. Procon-SP e  Anatel dizem que o cliente que se sentir lesado pode entrar na Justi\u00e7a.<\/p>\n<p>. Centenas de  im\u00f3veis da regi\u00e3o haviam ficado sem telefone e internet por mais de 160  horas.<\/p>\n<p>No s\u00e1bado retrasado (30), a fia\u00e7\u00e3o subterr\u00e2nea da empresa na regi\u00e3o  foi possivelmente cortada, segundo a pol\u00edcia, por ladr\u00f5es de cabos de  cobre. A empresa suspeita de um ato de vandalismo.<\/p>\n<p>Segundo a empresa de telefonia, os servi\u00e7os foram retomados em 100%  ao longo do fim de semana. Durante a semana passada, diz a Telef\u00f4nica,  para a maioria dos clientes o servi\u00e7o j\u00e1 havia sido normalizado.<\/p>\n<p>A Telef\u00f4nica n\u00e3o informou quantos clientes foram afetados. Mas  segundo funcion\u00e1rios da empresa, que trabalhavam na \u00faltima sexta-feira  (5) no reparo da fia\u00e7\u00e3o e n\u00e3o quiseram se identificar, o problema afetou  50 mil pessoas.<\/p>\n<p>Ainda de acordo com a empresa, os trabalhos no local deram trabalho  porque &#8216;exigem novos trechos de cabos e emenda do par de fios de cobre  de cada uma das linhas atingidas&#8217;.<\/p>\n<p><strong>PREJU\u00cdZO<\/strong><\/p>\n<p>Moradores, comerciantes e at\u00e9 ag\u00eancias banc\u00e1rias sofreram sem os servi\u00e7os.<\/p>\n<p>&#8220;Meu preju\u00edzo \u00e9 enorme. Na sexta retrasada gastei R$ 500 em an\u00fancios e  minha divulga\u00e7\u00e3o \u00e9 toda nesse telefone. Nesta semana, atendi apenas um  cliente&#8221;, afirma S\u00edlvio dos Santos, dono da imobili\u00e1ria da rua Paracat\u00fa.<\/p>\n<p>Bancos tamb\u00e9m sofreram sem os servi\u00e7os. O Ita\u00fa da altura do n\u00famero  2.700 da avenida Jabaquara precisou fechar ontem, no segundo dia sem  atividades na semana.<\/p>\n<p>Outro Ita\u00fa, pr\u00f3ximo dali, at\u00e9 funcionava, mas de forma prec\u00e1ria.  &#8220;Nossos caixas n\u00e3o foram afetados, mas os gerentes est\u00e3o usando  celulares pr\u00f3prios para trabalhar&#8221;, diz o atendente Guilherme Niza.<\/p>\n<p>J\u00e1 a auxiliar administrativa Maria Sandra Silva Noto, 36, que mora na  rua Ant\u00f4nio Gomide, lamenta que o problema tenha surgido justamente na  semana da volta \u00e0s aulas. &#8220;Meus filhos est\u00e3o indo \u00e0 lan house fazer  trabalhos&#8221;, diz.<\/p>\n<p>Segundo funcion\u00e1rios da Telef\u00f4nica, que trabalhavam no reparo da  fia\u00e7\u00e3o e n\u00e3o quiseram se identificar, o problema afetou 50 mil pessoas.<\/p>\n<p>A fia\u00e7\u00e3o de cobre tem sido alvo de criminosos na cidade. O quilo do  material chega a valer R$ 16, e os fios subterr\u00e2neos s\u00e3o mais visados.<\/p>\n<p><strong>FURTOS EM ALTA<\/strong><\/p>\n<p>De acordo com a Telef\u00f4nica, nos \u00faltimos 12 meses, cerca de 750 mil  pessoas em S\u00e3o Paulo ficaram algum per\u00edodo sem servi\u00e7o devido a furto de  cabos de cobre.<\/p>\n<p>Ainda segundo dados da empresa, entre 2009 e 2010, os furtos de fios  cresceram mais de 40% (1.041 contra 1.483 km subtra\u00eddos). S\u00f3 neste ano,  entre janeiro e junho, foram furtados 682 km.<\/p>\n<p>H\u00e1 suspeita de que quadrilhas especializadas usem carros  caracterizados, uniformes e at\u00e9 ordem de servi\u00e7o fria. &#8220;Mas j\u00e1  desmantelamos uma quadrilha e estamos perto de prender outra&#8221;, diz o  delegado Jan Plzak, do Deic (departamento de investiga\u00e7\u00f5es de crime  organizado).<\/p>\n<p>Sobre os furtos de cabos, a Telef\u00f4nica disse ter investido mais de R$  40 milh\u00f5es nos \u00faltimos 12 meses para reposi\u00e7\u00e3o do material subtra\u00eddo.<\/p>\n<p>A empresa diz atender aos \u00edndices determinados pela Anatel: conserto  em 24 horas em 98% dos casos e em 48 horas para o restante. Procon-SP e  Anatel dizem que o cliente que se sentir lesado pode entrar na Justi\u00e7a.<\/p>\n<p><em>Fonte: Jornal Floripa<\/em><\/p>\n","protected":false},"excerpt":{"rendered":"<p>Os servi\u00e7os da Telef\u00f4nica foram retomados, ao longo do \u00faltimo fim de semana, no bairro do Jabaquara, na zona sul de S\u00e3o Paulo Os servi\u00e7os da Telef\u00f4nica foram retomados, ao longo do \u00faltimo fim de semana, no bairro da Sa\u00fade, na zona sul de S\u00e3o Paulo. Centenas de im\u00f3veis da regi\u00e3o haviam ficado sem telefone [&hellip;]<\/p>\n","protected":false},"author":1,"featured_media":0,"comment_status":"open","ping_status":"open","sticky":false,"template":"","format":"standard","meta":{"footnotes":""},"categories":[6],"tags":[],"_links":{"self":[{"href":"https:\/\/www.encontrajabaquara.com.br\/noticias\/wp-json\/wp\/v2\/posts\/666"}],"collection":[{"href":"https:\/\/www.encontrajabaquara.com.br\/noticias\/wp-json\/wp\/v2\/posts"}],"about":[{"href":"https:\/\/www.encontrajabaquara.com.br\/noticias\/wp-json\/wp\/v2\/types\/post"}],"author":[{"embeddable":true,"href":"https:\/\/www.encontrajabaquara.com.br\/noticias\/wp-json\/wp\/v2\/users\/1"}],"replies":[{"embeddable":true,"href":"https:\/\/www.encontrajabaquara.com.br\/noticias\/wp-json\/wp\/v2\/comments?post=666"}],"version-history":[{"count":0,"href":"https:\/\/www.encontrajabaquara.com.br\/noticias\/wp-json\/wp\/v2\/posts\/666\/revisions"}],"wp:attachment":[{"href":"https:\/\/www.encontrajabaquara.com.br\/noticias\/wp-json\/wp\/v2\/media?parent=666"}],"wp:term":[{"taxonomy":"category","embeddable":true,"href":"https:\/\/www.encontrajabaquara.com.br\/noticias\/wp-json\/wp\/v2\/categories?post=666"},{"taxonomy":"post_tag","embeddable":true,"href":"https:\/\/www.encontrajabaquara.com.br\/noticias\/wp-json\/wp\/v2\/tags?post=666"}],"curies":[{"name":"wp","href":"https:\/\/api.w.org\/{rel}","templated":true}]}}