{"id":638,"date":"2011-07-28T15:59:25","date_gmt":"2011-07-28T17:59:25","guid":{"rendered":"http:\/\/www.encontrajabaquara.com.br\/noticias\/?p=638"},"modified":"2013-08-14T01:27:09","modified_gmt":"2013-08-14T03:27:09","slug":"subprefeitura-jabaquara-promove-4%c2%aa-festa-das-nacoes","status":"publish","type":"post","link":"https:\/\/www.encontrajabaquara.com.br\/noticias\/subprefeitura-jabaquara-promove-4%c2%aa-festa-das-nacoes\/","title":{"rendered":"Subprefeitura Jabaquara promove 4\u00aa Festa das Na\u00e7\u00f5es"},"content":{"rendered":"<p>No\u00a0primeiro\u00a0domingo de agosto\u00a0(7), das 10 \u00e0s 17 horas, o Centro  Cultural Jabaquara vai ficar internacional, com a apresenta\u00e7\u00e3o de  dan\u00e7as, comidas t\u00edpicas e decora\u00e7\u00e3o de pa\u00edses da Am\u00e9rica do Sul, Europa e  \u00c1frica. As atra\u00e7\u00f5es gratuitas fazem parte da 4\u00aa Festa das Na\u00e7\u00f5es,  organizada anualmente pela Supervis\u00e3o de Cultura da Subprefeitura  Jabaquara.<\/p>\n<p>A festividade oferece divers\u00e3o, cultura e entretenimento \u00e0 comunidade  da regi\u00e3o, que tamb\u00e9m participa dos preparativos. As na\u00e7\u00f5es  representadas nesta edi\u00e7\u00e3o do evento s\u00e3o: \u00c1frica, Bol\u00edvia, Espanha,  \u00cdndia e Portugal.<\/p>\n<p>A 4\u00aa Festa das Na\u00e7\u00f5es \u00e9 realizada em parceria com lideran\u00e7as comunit\u00e1rias e comerciantes locais.<\/p>\n<p><span style=\"text-decoration: underline;\"><strong>SERVI\u00c7O<br \/>\n<\/strong><\/span><strong>4\u00aa Festa das Na\u00e7\u00f5es no Jabaquara<br \/>\nData<\/strong>: Domingo, 07 de agosto de 2011<br \/>\n<strong>Hor\u00e1rio<\/strong>: das 10 \u00e0s 17 horas<br \/>\n<strong>Local<\/strong>: <a href=\"http:\/\/www.encontrajabaquara.com.br\/jabaquara\/centro-cultural-jabaquara.shtml\" target=\"_blank\">Centro Cultural Jabaquara<\/a><br \/>\n<strong>Endere\u00e7o<\/strong>: Rua Ars\u00eanio Tavolieri, 45.<\/p>\n<p><em>Fonte: Prefeitura de S. Paulo<\/em><\/p>\n","protected":false},"excerpt":{"rendered":"<p>No\u00a0primeiro\u00a0domingo de agosto\u00a0(7), das 10 \u00e0s 17 horas, o Centro Cultural Jabaquara vai ficar internacional, com a apresenta\u00e7\u00e3o de dan\u00e7as, comidas t\u00edpicas e decora\u00e7\u00e3o de pa\u00edses da Am\u00e9rica do Sul, Europa e \u00c1frica. As atra\u00e7\u00f5es gratuitas fazem parte da 4\u00aa Festa das Na\u00e7\u00f5es, organizada anualmente pela Supervis\u00e3o de Cultura da Subprefeitura Jabaquara. A festividade oferece [&hellip;]<\/p>\n","protected":false},"author":1,"featured_media":0,"comment_status":"open","ping_status":"open","sticky":false,"template":"","format":"standard","meta":{"footnotes":""},"categories":[6],"tags":[],"_links":{"self":[{"href":"https:\/\/www.encontrajabaquara.com.br\/noticias\/wp-json\/wp\/v2\/posts\/638"}],"collection":[{"href":"https:\/\/www.encontrajabaquara.com.br\/noticias\/wp-json\/wp\/v2\/posts"}],"about":[{"href":"https:\/\/www.encontrajabaquara.com.br\/noticias\/wp-json\/wp\/v2\/types\/post"}],"author":[{"embeddable":true,"href":"https:\/\/www.encontrajabaquara.com.br\/noticias\/wp-json\/wp\/v2\/users\/1"}],"replies":[{"embeddable":true,"href":"https:\/\/www.encontrajabaquara.com.br\/noticias\/wp-json\/wp\/v2\/comments?post=638"}],"version-history":[{"count":0,"href":"https:\/\/www.encontrajabaquara.com.br\/noticias\/wp-json\/wp\/v2\/posts\/638\/revisions"}],"wp:attachment":[{"href":"https:\/\/www.encontrajabaquara.com.br\/noticias\/wp-json\/wp\/v2\/media?parent=638"}],"wp:term":[{"taxonomy":"category","embeddable":true,"href":"https:\/\/www.encontrajabaquara.com.br\/noticias\/wp-json\/wp\/v2\/categories?post=638"},{"taxonomy":"post_tag","embeddable":true,"href":"https:\/\/www.encontrajabaquara.com.br\/noticias\/wp-json\/wp\/v2\/tags?post=638"}],"curies":[{"name":"wp","href":"https:\/\/api.w.org\/{rel}","templated":true}]}}