{"id":524,"date":"2011-06-15T06:25:48","date_gmt":"2011-06-15T08:25:48","guid":{"rendered":"http:\/\/www.encontrajabaquara.com.br\/noticias\/?p=524"},"modified":"2013-08-14T01:31:40","modified_gmt":"2013-08-14T03:31:40","slug":"cat-jabaquara-orienta-trabalhadores-sobre-como-elaborar-curriculo","status":"publish","type":"post","link":"https:\/\/www.encontrajabaquara.com.br\/noticias\/cat-jabaquara-orienta-trabalhadores-sobre-como-elaborar-curriculo\/","title":{"rendered":"CAT Jabaquara orienta trabalhadores sobre como elaborar curr\u00edculo"},"content":{"rendered":"<p>A Secretaria Municipal de Desenvolvimento Econ\u00f4mico e do Trabalho   (Semdet) realiza nesta quarta-feira (15\/6) mais uma oficina do Programa   Orienta\u00e7\u00e3o para o Trabalho. O objetivo do programa \u00e9 orientar os   mun\u00edcipes a se prepararem e se comportarem adequadamente nas etapas dos   processos seletivos, ajudando-os a conquistarem seu espa\u00e7o no mercado  de  trabalho.<\/p>\n<p>O tema da semana ser\u00e1 Elabora\u00e7\u00e3o de Curr\u00edculos  e os participantes  aprender\u00e3o quais s\u00e3o os t\u00f3picos necess\u00e1rios a serem  abordados no  documento como: dados pessoais, objetivos, hist\u00f3rico  profissional,  qualifica\u00e7\u00f5es e at\u00e9 mesmo a fonte mais adequada a ser  usada no  documento. A oficina ser\u00e1 extremamente ben\u00e9fica aos mun\u00edcipes,  pois o  curr\u00edculo \u00e9 a carta de apresenta\u00e7\u00e3o dos trabalhadores e,  prepar\u00e1-lo da  forma correta, \u00e9 um atributo a mais para conquistar uma  oportunidade de  emprego.<\/p>\n<p>Os interessados em participar da  oficina, que \u00e9 gratuita, n\u00e3o  precisam realizar inscri\u00e7\u00e3o, basta  comparecerem no hor\u00e1rio de in\u00edcio da  atividade, \u00e0s 9h. Confira as  unidades que realizar\u00e3o a oficina.<\/p>\n<p><strong>Endere\u00e7os<\/strong><\/p>\n<p>CAT Luz<br \/>\nAv. Prestes Maia, 913 \/ 919<br \/>\nSegunda a sexta-feira: 7h \u00e0s 18h<br \/>\nS\u00e1bado: 7h \u00e0s 13h<\/p>\n<p>CAT Itaquera<br \/>\nRua Greg\u00f3rio Ramalho, 12<br \/>\nSegunda a sexta-feira: 7h \u00e0s 18h<br \/>\nS\u00e1bado: 7h \u00e0s 13h<\/p>\n<p>CAT Penha<br \/>\nRua Candapu\u00ed, 492 (dentro da Subprefeitura da Penha)<br \/>\nSegunda a sexta-feira: 8h \u00e0s 17h<br \/>\nS\u00e1bado: 7h \u00e0s 13h<\/p>\n<p>CAT Itaim Paulista<br \/>\nAv. Marechal Tito, 3.012<br \/>\nSegunda a sexta-feira: 8h \u00e0s 17h<br \/>\nS\u00e1bado: 7h \u00e0s 13h<\/p>\n<p>CAT S\u00e3o Mateus I<br \/>\nAv. Mateo Bei, 1.641<br \/>\nSegunda a sexta-feira: 7h \u00e0s 18h<br \/>\nS\u00e1bado: 7h \u00e0s 13h<\/p>\n<p>CAT S\u00e3o Mateus II<br \/>\nRagueb Chohfi, 1.400<br \/>\nSegunda a sexta-feira: 8h \u00e0s 17h<br \/>\nS\u00e1bado: 7h \u00e0s 13h<\/p>\n<p>CAT Santana<br \/>\nRua Volunt\u00e1rios da P\u00e1tria, 1.553<br \/>\nSegunda a sexta-feira: 7h \u00e1s 18h<br \/>\nS\u00e1bado: 7h \u00e0s 13h<\/p>\n<p>CAT Casa Verde<br \/>\nAv. Ordem e Progresso, 1.001<br \/>\nSegunda a sexta-feira: 8h \u00e0s 17h<br \/>\nS\u00e1bado: 7h \u00e0s 13h<\/p>\n<p>CAT Perus<br \/>\nRua Yl\u00eddio Figueiredo, 349<br \/>\nSegunda a sexta-feira: 8h \u00e0s 17h<br \/>\nS\u00e1bado: 7h \u00e0s 13h<\/p>\n<p>CAT Lapa<br \/>\nRua Monteiro de Melo, 342<br \/>\nSegunda a sexta-feira: 7h \u00e0s 18h<br \/>\nS\u00e1bado: 7h \u00e0s 13h<\/p>\n<p>CAT Interlagos<br \/>\nAv. Interlagos, 6.122<br \/>\nSegunda a sexta-feira: 7h \u00e0s 18h<br \/>\nS\u00e1bado: 7h \u00e0s 13h<\/p>\n<p><strong><a href=\"..\/..\/jabaquara\/cat-no-jabaquara.shtml\" target=\"_blank\">CAT Jabaquara<\/a><\/strong><br \/>\nAv. Eng. Armando de Arruda Pereira, 2.314<br \/>\nSegunda a sexta-feira: 8h \u00e0s 17h<br \/>\nS\u00e1bado: 7h \u00e0s 13h<\/p>\n<p>CAT Cidade Ademar<br \/>\nAv. Yervant Kissajikian, 416<br \/>\nSegunda a sexta-feira: 8h \u00e0s 17h<br \/>\nS\u00e1bado: 7h \u00e0s 13h<\/p>\n<p>CAT Parelheiros<br \/>\nAv. Sadamu Inoue, 5.252<br \/>\nSegunda a sexta-feira: 8h \u00e0s 17h<br \/>\nS\u00e1bado: 7h \u00e0s 13h<br \/>\n<em><br \/>\nFonte: Prefeitura de S. Paulo<\/em><\/p>\n","protected":false},"excerpt":{"rendered":"<p>A Secretaria Municipal de Desenvolvimento Econ\u00f4mico e do Trabalho (Semdet) realiza nesta quarta-feira (15\/6) mais uma oficina do Programa Orienta\u00e7\u00e3o para o Trabalho. O objetivo do programa \u00e9 orientar os mun\u00edcipes a se prepararem e se comportarem adequadamente nas etapas dos processos seletivos, ajudando-os a conquistarem seu espa\u00e7o no mercado de trabalho. O tema da [&hellip;]<\/p>\n","protected":false},"author":1,"featured_media":0,"comment_status":"open","ping_status":"open","sticky":false,"template":"","format":"standard","meta":{"footnotes":""},"categories":[6],"tags":[],"_links":{"self":[{"href":"https:\/\/www.encontrajabaquara.com.br\/noticias\/wp-json\/wp\/v2\/posts\/524"}],"collection":[{"href":"https:\/\/www.encontrajabaquara.com.br\/noticias\/wp-json\/wp\/v2\/posts"}],"about":[{"href":"https:\/\/www.encontrajabaquara.com.br\/noticias\/wp-json\/wp\/v2\/types\/post"}],"author":[{"embeddable":true,"href":"https:\/\/www.encontrajabaquara.com.br\/noticias\/wp-json\/wp\/v2\/users\/1"}],"replies":[{"embeddable":true,"href":"https:\/\/www.encontrajabaquara.com.br\/noticias\/wp-json\/wp\/v2\/comments?post=524"}],"version-history":[{"count":0,"href":"https:\/\/www.encontrajabaquara.com.br\/noticias\/wp-json\/wp\/v2\/posts\/524\/revisions"}],"wp:attachment":[{"href":"https:\/\/www.encontrajabaquara.com.br\/noticias\/wp-json\/wp\/v2\/media?parent=524"}],"wp:term":[{"taxonomy":"category","embeddable":true,"href":"https:\/\/www.encontrajabaquara.com.br\/noticias\/wp-json\/wp\/v2\/categories?post=524"},{"taxonomy":"post_tag","embeddable":true,"href":"https:\/\/www.encontrajabaquara.com.br\/noticias\/wp-json\/wp\/v2\/tags?post=524"}],"curies":[{"name":"wp","href":"https:\/\/api.w.org\/{rel}","templated":true}]}}