{"id":245,"date":"2011-03-18T09:13:50","date_gmt":"2011-03-18T11:13:50","guid":{"rendered":"http:\/\/www.encontrajabaquara.com.br\/noticias\/?p=245"},"modified":"2013-08-14T01:30:53","modified_gmt":"2013-08-14T03:30:53","slug":"jabaquara-participa-do-projeto-zeladoria-de-pracas","status":"publish","type":"post","link":"https:\/\/www.encontrajabaquara.com.br\/noticias\/jabaquara-participa-do-projeto-zeladoria-de-pracas\/","title":{"rendered":"Jabaquara participa do Projeto Zeladoria de Pra\u00e7as"},"content":{"rendered":"<p>Pr\u00f3ximo de completar tr\u00eas anos de cria\u00e7\u00e3o, o projeto Zeladoria de  Pra\u00e7as  j\u00e1 beneficia mais de 800 \u00e1reas verdes na cidade de S\u00e3o Paulo e  1.083  desempregados que foram capacitados e atuam como zeladores de  pra\u00e7a. No  pr\u00f3ximo dia 29, 188 participantes se formar\u00e3o e iniciar\u00e3o  suas  atividades nos bairros onde moram.<\/p>\n<p>O projeto Zeladoria de Pra\u00e7as \u00e9 uma parceria entre as secretarias   municipais de Desenvolvimento Econ\u00f4mico e do Trabalho (Semdet), que   fornece bolsa-trabalho, por meio do Programa Opera\u00e7\u00e3o Trabalho (POT); do   Verde e do Meio Ambiente, que oferece uniforme e ferramentas, e de   Coordena\u00e7\u00e3o das Subprefeituras, por interm\u00e9dio de 16 subprefeituras que   fazem a sele\u00e7\u00e3o e a supervis\u00e3o dos zeladores. A capacita\u00e7\u00e3o fica a  cargo  da Escola Municipal de Jardinagem.<\/p>\n<p>Iniciado em 2008 para melhorar a manuten\u00e7\u00e3o das \u00e1reas verdes, criando a   figura do zelador, o projeto beneficia trabalhadores desempregados e   moradores do entorno das pra\u00e7as selecionadas. Os participantes fazem os   cursos de jardineiro, de horta, de paisagismo de jardins e de plantas   medicinais. Depois de formados mant\u00eam as pra\u00e7as limpas, cuidam da   vegeta\u00e7\u00e3o, fazem pequenos reparos, melhoram o visual paisag\u00edstico e d\u00e3o   condi\u00e7\u00f5es de uso para os moradores dos arredores. Essas caracter\u00edsticas   possibilitam melhor conhecimento dos problemas que afetam a \u00e1rea,   facilitam o acesso e a interlocu\u00e7\u00e3o com a popula\u00e7\u00e3o local e garantem a   oferta para o cidad\u00e3o de \u00e1reas de lazer com plenas condi\u00e7\u00f5es de uso.<\/p>\n<p>Para a gestora do POT, F\u00e1tima Aparecida Pando, o projeto melhora a   rela\u00e7\u00e3o da popula\u00e7\u00e3o do entorno com a \u00e1rea verde. \u201cAumenta a auto-estima   dos zeladores e de quem mora na regi\u00e3o, porque residir pr\u00f3ximo a uma   pra\u00e7a bem cuidada d\u00e1 orgulho e prazer em habitar no local. Muitas vezes,   os mun\u00edcipes ligam para a nossa secretaria para agradecer o  benef\u00edc\u00edo\u201d,  explica. Para ela, o mais importante desse projeto \u00e9  atender os  desempregados, dando-lhes capacita\u00e7\u00e3o e novos rumos para  suas vidas.<\/p>\n<p>Cada jardineiro \u00e9 respons\u00e1vel pela manuten\u00e7\u00e3o de uma \u00e1rea com cerca de 5   mil m\u00b2. Pra\u00e7as grandes contam com n\u00famero maior de zeladores e as   pequenas formam um conjunto, a ser mantido por uma \u00fanica pessoa.<\/p>\n<p>Os participantes recebem, por seis horas di\u00e1rias de trabalho, aux\u00edlio   mensal de R$ 436, aux\u00edlio-deslocamento de R$ 92,65 e aux\u00edlio-alimenta\u00e7\u00e3o   de R$ 43,60, totalizando R$ 572,25. A perman\u00eancia no projeto \u00e9 de at\u00e9   24 meses.<\/p>\n<p>Atualmente h\u00e1 zeladores nas subprefeituras Butant\u00e3, Cidade Tiradentes,  Itaim Paulista, Jabaquara, Lapa, Penha, Perus, Pinheiros,  Pirituba\/Jaragu\u00e1, S\u00e3o Mateus, S\u00e3o Miguel Paulista, Santo Amaro, S\u00e9, Vila  Maria, Vila Mariana e Vila Prudente.<\/p>\n<p>Inclus\u00e3o social<\/p>\n<p>O Zeladoria de Pra\u00e7as \u00e9 um projeto socioambiental, cuidando tanto da   preserva\u00e7\u00e3o ambiental como da inclus\u00e3o social. Al\u00e9m da preocupa\u00e7\u00e3o com a   manuten\u00e7\u00e3o geral das \u00e1reas verdes, a presen\u00e7a do zelador ajuda a  inibir  a deposi\u00e7\u00e3o inadequada de res\u00edduos e pode contribuir na  orienta\u00e7\u00e3o da  popula\u00e7\u00e3o local sobre a import\u00e2ncia de conserva\u00e7\u00e3o do  meio ambiente e  ado\u00e7\u00e3o de boas pr\u00e1ticas de conviv\u00eancia no espa\u00e7o  p\u00fablico.<\/p>\n<p>H\u00e1 uma rela\u00e7\u00e3o  de confian\u00e7a entre os zeladores, os moradores do entorno  e os  freq\u00fcentadores do local. Para incentivar essa rela\u00e7\u00e3o, a sele\u00e7\u00e3o  dos  participantes contempla benefici\u00e1rios que residam pr\u00f3ximo das  pra\u00e7as  onde v\u00e3o trabalhar.<\/p>\n<p>Al\u00e9m disso, como seleciona pessoas desempregadas, em geral acima de 40   anos de idade e com baixa escolaridade, o programa contribui para   promover a inser\u00e7\u00e3o dessas pessoas no mercado de trabalho, tanto pela   capacita\u00e7\u00e3o como pela experi\u00eancia profissional e de conv\u00edvio adquirida   pelos participantes.<\/p>\n<p>Inscri\u00e7\u00f5es<\/p>\n<p>No pr\u00f3ximo dia 29, no Parque Ibirapuera, ser\u00e1 realizada a formatura de   mais 188 zeladores. E j\u00e1 est\u00e3o abertas as inscri\u00e7\u00f5es para a pr\u00f3xima   turma, que come\u00e7a no dia 2 de maio. Os interessados devem procurar a   Semdet, na avenida S\u00e3o Jo\u00e3o, 473, 4\u00ba andar, sala 6, no Centro. O   interessado deve ter idade acima de 16 anos, estar desempregado h\u00e1 mais   de quatro meses, sem receber o seguro-desemprego, ter renda familiar de   at\u00e9 meio sal\u00e1rio m\u00ednimo por pessoa e ser residente no Munic\u00edpio de S\u00e3o   Paulo. Os documentos exigidos s\u00e3o: RG, CPF, Carteira de Trabalho e   comprovante de resid\u00eancia.<\/p>\n<p>N\u00famero de zeladores nas Subprefeituras<\/p>\n<p>Bairro do Butant\u00e3 &#8211; 43<\/p>\n<p>Cidade Tiradentes &#8211; 94<\/p>\n<p>Bairro do Itaim Paulista &#8211; 79<\/p>\n<p>Bairro do Jabaquara &#8211; 97<\/p>\n<p>Bairro da Lapa &#8211; 49<\/p>\n<p>Bairro da Penha &#8211; 95<\/p>\n<p>Perus &#8211; 80<\/p>\n<p>Bairro Pinheiros &#8211; 42<\/p>\n<p>Bairro de Pirituba\/Jaragu\u00e1 &#8211; 24<\/p>\n<p>Bairro S\u00e3o Mateus &#8211; 101<\/p>\n<p>Bairro de S\u00e3o Miguel &#8211; 56<\/p>\n<p>Bairro de Santo Amaro &#8211; 96<\/p>\n<p>S\u00e9 &#8211; 68<\/p>\n<p>Bairro Vila Maria &#8211; 56<\/p>\n<p>Bairro Vila Mariana &#8211; 73<\/p>\n<p>Bairro da Vila Prudente &#8211; 30<\/p>\n<p>Total &#8211; 1.083<\/p>\n<p><em>Fonte: Prefeitura de S. Paulo<\/em><\/p>\n","protected":false},"excerpt":{"rendered":"<p>Pr\u00f3ximo de completar tr\u00eas anos de cria\u00e7\u00e3o, o projeto Zeladoria de Pra\u00e7as j\u00e1 beneficia mais de 800 \u00e1reas verdes na cidade de S\u00e3o Paulo e 1.083 desempregados que foram capacitados e atuam como zeladores de pra\u00e7a. No pr\u00f3ximo dia 29, 188 participantes se formar\u00e3o e iniciar\u00e3o suas atividades nos bairros onde moram. O projeto Zeladoria [&hellip;]<\/p>\n","protected":false},"author":1,"featured_media":0,"comment_status":"open","ping_status":"open","sticky":false,"template":"","format":"standard","meta":{"footnotes":""},"categories":[6],"tags":[],"_links":{"self":[{"href":"https:\/\/www.encontrajabaquara.com.br\/noticias\/wp-json\/wp\/v2\/posts\/245"}],"collection":[{"href":"https:\/\/www.encontrajabaquara.com.br\/noticias\/wp-json\/wp\/v2\/posts"}],"about":[{"href":"https:\/\/www.encontrajabaquara.com.br\/noticias\/wp-json\/wp\/v2\/types\/post"}],"author":[{"embeddable":true,"href":"https:\/\/www.encontrajabaquara.com.br\/noticias\/wp-json\/wp\/v2\/users\/1"}],"replies":[{"embeddable":true,"href":"https:\/\/www.encontrajabaquara.com.br\/noticias\/wp-json\/wp\/v2\/comments?post=245"}],"version-history":[{"count":0,"href":"https:\/\/www.encontrajabaquara.com.br\/noticias\/wp-json\/wp\/v2\/posts\/245\/revisions"}],"wp:attachment":[{"href":"https:\/\/www.encontrajabaquara.com.br\/noticias\/wp-json\/wp\/v2\/media?parent=245"}],"wp:term":[{"taxonomy":"category","embeddable":true,"href":"https:\/\/www.encontrajabaquara.com.br\/noticias\/wp-json\/wp\/v2\/categories?post=245"},{"taxonomy":"post_tag","embeddable":true,"href":"https:\/\/www.encontrajabaquara.com.br\/noticias\/wp-json\/wp\/v2\/tags?post=245"}],"curies":[{"name":"wp","href":"https:\/\/api.w.org\/{rel}","templated":true}]}}