{"id":226,"date":"2011-03-10T13:17:00","date_gmt":"2011-03-10T15:17:00","guid":{"rendered":"http:\/\/www.encontrajabaquara.com.br\/noticias\/?p=226"},"modified":"2011-03-10T13:18:50","modified_gmt":"2011-03-10T15:18:50","slug":"sabado-harmonico-no-jabaquara","status":"publish","type":"post","link":"https:\/\/www.encontrajabaquara.com.br\/noticias\/sabado-harmonico-no-jabaquara\/","title":{"rendered":"S\u00e1bado Harm\u00f4nico no Jabaquara"},"content":{"rendered":"<p>S\u00e1bado, dia 12 de Fevereiro, a partir das 16h, ser\u00e1 realizada mais uma edi\u00e7\u00e3o do projeto \u201cS\u00e1bado Harm\u00f4nico\u201d no Centro Cultural do Jabaquara, estar\u00e1 no palco, a Orquestra de Viol\u00f5es, regida pelo violonista e regente Lu\u00eds Stelzer.<\/p>\n<p>A Orquestra de Viol\u00f5es \u00e9 formada por alunos e ex-alunos do Conservat\u00f3rio Souza Lima e tamb\u00e9m por m\u00fasicos convidados cujos integrantes s\u00e3o: Miro Vieira, Lu Garrido, Luiz Francisco Gomes de Souza, Jefferson Motta, Joana F\u00e1tima Gon\u00e7alves, Paulo S\u00e9rgio Oliveira, Toninho Fernandes, Luisa Hinojosa Streber, Ricardo Luccas, Renata Yumi e Francisco Crestana.<\/p>\n<p>No recital tamb\u00e9m haver\u00e1 a participa\u00e7\u00e3o especial da pianista Deise Trebitz.<\/p>\n<p><strong><span style=\"text-decoration: underline;\">Servi\u00e7o:<\/span><\/strong><\/p>\n<p>12 de Fevereiro \u00e0s 16h00<\/p>\n<p><a href=\"http:\/\/www.encontrajabaquara.com.br\/jabaquara\/centro-cultural-jabaquara.shtml\" target=\"_blank\">Centro Cultural do Jabaquara<\/a><\/p>\n<p>Rua Ars\u00eanio Tavolieri n.\u00ba 45 \u2013 Vila Oriental &#8211; S\u00e3o Paulo\/SP, Pr\u00f3ximo ao Metr\u00f4 Jabaquara.<\/p>\n<p>Entrada gratuita<\/p>\n<p>Quantidade de lugares: 200<\/p>\n<p>Informa\u00e7\u00f5es: (11) 5011-2421<\/p>\n","protected":false},"excerpt":{"rendered":"<p>S\u00e1bado, dia 12 de Fevereiro, a partir das 16h, ser\u00e1 realizada mais uma edi\u00e7\u00e3o do projeto \u201cS\u00e1bado Harm\u00f4nico\u201d no Centro Cultural do Jabaquara, estar\u00e1 no palco, a Orquestra de Viol\u00f5es, regida pelo violonista e regente Lu\u00eds Stelzer. A Orquestra de Viol\u00f5es \u00e9 formada por alunos e ex-alunos do Conservat\u00f3rio Souza Lima e tamb\u00e9m por m\u00fasicos [&hellip;]<\/p>\n","protected":false},"author":1,"featured_media":0,"comment_status":"open","ping_status":"open","sticky":false,"template":"","format":"standard","meta":{"footnotes":""},"categories":[6],"tags":[],"_links":{"self":[{"href":"https:\/\/www.encontrajabaquara.com.br\/noticias\/wp-json\/wp\/v2\/posts\/226"}],"collection":[{"href":"https:\/\/www.encontrajabaquara.com.br\/noticias\/wp-json\/wp\/v2\/posts"}],"about":[{"href":"https:\/\/www.encontrajabaquara.com.br\/noticias\/wp-json\/wp\/v2\/types\/post"}],"author":[{"embeddable":true,"href":"https:\/\/www.encontrajabaquara.com.br\/noticias\/wp-json\/wp\/v2\/users\/1"}],"replies":[{"embeddable":true,"href":"https:\/\/www.encontrajabaquara.com.br\/noticias\/wp-json\/wp\/v2\/comments?post=226"}],"version-history":[{"count":0,"href":"https:\/\/www.encontrajabaquara.com.br\/noticias\/wp-json\/wp\/v2\/posts\/226\/revisions"}],"wp:attachment":[{"href":"https:\/\/www.encontrajabaquara.com.br\/noticias\/wp-json\/wp\/v2\/media?parent=226"}],"wp:term":[{"taxonomy":"category","embeddable":true,"href":"https:\/\/www.encontrajabaquara.com.br\/noticias\/wp-json\/wp\/v2\/categories?post=226"},{"taxonomy":"post_tag","embeddable":true,"href":"https:\/\/www.encontrajabaquara.com.br\/noticias\/wp-json\/wp\/v2\/tags?post=226"}],"curies":[{"name":"wp","href":"https:\/\/api.w.org\/{rel}","templated":true}]}}