{"id":1521,"date":"2012-11-30T00:59:45","date_gmt":"2012-11-30T02:59:45","guid":{"rendered":"http:\/\/www.encontrajabaquara.com.br\/noticias\/?p=1521"},"modified":"2013-08-14T01:35:40","modified_gmt":"2013-08-14T03:35:40","slug":"centro-cultural-do-jabaquara-oferece-evento-gratuito","status":"publish","type":"post","link":"https:\/\/www.encontrajabaquara.com.br\/noticias\/centro-cultural-do-jabaquara-oferece-evento-gratuito\/","title":{"rendered":"Centro Cultural do Jabaquara oferece evento gratuito"},"content":{"rendered":"<p>No pr\u00f3ximo domingo 02\/12, o Centro Cultural do Jabaquara apresenta \u00e0s 11h00 na 73\u00aa edi\u00e7\u00e3o do projeto Choro na Manh\u00e3 o Conjunto Retratos, tradicional grupo choro da cidade de S\u00e3o Paulo, nesta edi\u00e7\u00e3o de anivers\u00e1rio de 6 anos do projeto, o grupo promete um repert\u00f3rio de cl\u00e1ssicos do Choro e ir\u00e3o relembrar os grandes mestres como Pixinguinha, Ernesto Nazareth, Jacob do Bandolim, Altamiro Carrilho, Zequinha de Abreu, Waldir Azevedo, entre outros.<\/p>\n<p>Nesta ultima edi\u00e7\u00e3o de 2012 do projeto, contaremos com a participa\u00e7\u00e3o especial de alguns m\u00fasicos convidados.<\/p>\n<p>O Conjunto Retratos \u00e9 formado por Paulo Gilberto (Flauta), C\u00e9sar Ricardo (Viol\u00e3o 7 cordas), Alex Mendes (Bandolim), Fernando Henrique (Cavaquinho) e Donisete Fernandes (Pandeiro).<\/p>\n<p>Antes da apresenta\u00e7\u00e3o, ser\u00e1 oferecido um caf\u00e9 da manh\u00e3 gratuitamente ao p\u00fablico presente.<\/p>\n<p><strong>Data:<\/strong> Domingo | 02 de Dezembro | 11h00 | Entrada Gratuita<\/p>\n<p><strong>Local:<\/strong> Audit\u00f3rio do Centro Cultural Jabaquara<\/p>\n<p><strong>Endere\u00e7o:<\/strong> Rua Ars\u00eanio Tavolieri n.\u00ba 45 \u2013 Jabaquara &#8211; S\u00e3o Paulo\/SP &#8211; Pr\u00f3ximo a <a title=\"Esta\u00e7\u00e3o Jabaquara do Metr\u00f4\" href=\"http:\/\/www.encontrajabaquara.com.br\/jabaquara\/estacao-de-metro-jabaquara.shtml\" target=\"_blank\">Esta\u00e7\u00e3o Jabaquara do Metr\u00f4<\/a><\/p>\n<p><strong>Informa\u00e7\u00f5es:<\/strong> (11) 5011-2421 ou facebook.com\/ChorinhoBrasil<\/p>\n<p><strong>Quantidade de lugares:<\/strong> 250<\/p>\n","protected":false},"excerpt":{"rendered":"<p>No pr\u00f3ximo domingo 02\/12, o Centro Cultural do Jabaquara apresenta \u00e0s 11h00 na 73\u00aa edi\u00e7\u00e3o do projeto Choro na Manh\u00e3 o Conjunto Retratos, tradicional grupo choro da cidade de S\u00e3o Paulo, nesta edi\u00e7\u00e3o de anivers\u00e1rio de 6 anos do projeto, o grupo promete um repert\u00f3rio de cl\u00e1ssicos do Choro e ir\u00e3o relembrar os grandes mestres [&hellip;]<\/p>\n","protected":false},"author":1,"featured_media":0,"comment_status":"open","ping_status":"open","sticky":false,"template":"","format":"standard","meta":{"footnotes":""},"categories":[9],"tags":[],"_links":{"self":[{"href":"https:\/\/www.encontrajabaquara.com.br\/noticias\/wp-json\/wp\/v2\/posts\/1521"}],"collection":[{"href":"https:\/\/www.encontrajabaquara.com.br\/noticias\/wp-json\/wp\/v2\/posts"}],"about":[{"href":"https:\/\/www.encontrajabaquara.com.br\/noticias\/wp-json\/wp\/v2\/types\/post"}],"author":[{"embeddable":true,"href":"https:\/\/www.encontrajabaquara.com.br\/noticias\/wp-json\/wp\/v2\/users\/1"}],"replies":[{"embeddable":true,"href":"https:\/\/www.encontrajabaquara.com.br\/noticias\/wp-json\/wp\/v2\/comments?post=1521"}],"version-history":[{"count":0,"href":"https:\/\/www.encontrajabaquara.com.br\/noticias\/wp-json\/wp\/v2\/posts\/1521\/revisions"}],"wp:attachment":[{"href":"https:\/\/www.encontrajabaquara.com.br\/noticias\/wp-json\/wp\/v2\/media?parent=1521"}],"wp:term":[{"taxonomy":"category","embeddable":true,"href":"https:\/\/www.encontrajabaquara.com.br\/noticias\/wp-json\/wp\/v2\/categories?post=1521"},{"taxonomy":"post_tag","embeddable":true,"href":"https:\/\/www.encontrajabaquara.com.br\/noticias\/wp-json\/wp\/v2\/tags?post=1521"}],"curies":[{"name":"wp","href":"https:\/\/api.w.org\/{rel}","templated":true}]}}