{"id":1302,"date":"2012-07-06T16:02:50","date_gmt":"2012-07-06T18:02:50","guid":{"rendered":"http:\/\/www.encontrajabaquara.com.br\/noticias\/?p=1302"},"modified":"2013-08-14T01:35:24","modified_gmt":"2013-08-14T03:35:24","slug":"cat-jabaquara-tem-vagas-para-pessoas-com-deficiencia-com-salarios-de-ate-r-2-100","status":"publish","type":"post","link":"https:\/\/www.encontrajabaquara.com.br\/noticias\/cat-jabaquara-tem-vagas-para-pessoas-com-deficiencia-com-salarios-de-ate-r-2-100\/","title":{"rendered":"CAT Jabaquara tem vagas para pessoas com defici\u00eancia com sal\u00e1rios de at\u00e9 R$ 2.100"},"content":{"rendered":"<p>O Centro de Apoio ao Trabalho (CAT), da Secretaria Municipal de Desenvolvimento Econ\u00f4mico e do Trabalho (Semdet), est\u00e1 com 657 vagas abertas em v\u00e1rias empresas de todas as regi\u00f5es da cidade para profissionais com defici\u00eancia. As oportunidades s\u00e3o para todos os n\u00edveis de escolaridade e a remunera\u00e7\u00e3o chega a R$ 2.100.<\/p>\n<p>Al\u00e9m disso, o CAT firmou parceria com a construtora WTorre, para apoiar o Projeto de Capacita\u00e7\u00e3o de Profissionais com Defici\u00eancia no Ramo da Constru\u00e7\u00e3o Civil, desenvolvido pela empresa na capital paulista. O projeto consiste na contrata\u00e7\u00e3o, pela WTorre, de pessoas com defici\u00eancia, as quais passar\u00e3o, durante um ano, por curso de capacita\u00e7\u00e3o profissional na \u00e1rea de constru\u00e7\u00e3o civil pelo Senai. O candidato selecionado ser\u00e1 contratado e receber\u00e1, durante o per\u00edodo de capacita\u00e7\u00e3o, remunera\u00e7\u00e3o mensal de R$ 1.100, mais benef\u00edcios como assist\u00eancias m\u00e9dica e odontol\u00f3gica.<\/p>\n<p>No total, a WTorre vai contratar 80 profissionais com defici\u00eancia pelo projeto, por\u00e9m, a capacita\u00e7\u00e3o acontecer\u00e1 gradativamente, em turmas de 20 pessoas, at\u00e9 o ano que vem. A primeira turma j\u00e1 est\u00e1 em andamento, mas a unidade Luz do CAT inscreve interessados nas pr\u00f3ximas turmas.<\/p>\n<p><strong>Banco de vagas<\/strong><\/p>\n<p>Al\u00e9m das oportunidades para a WTorre, o banco de vagas do CAT tamb\u00e9m oferece centenas de vagas para profissionais com defici\u00eancia. S\u00e3o 657 oportunidades de trabalho sendo que a maioria \u00e9 para a \u00e1rea administrativa. S\u00e3o 143 vagas para assistentes e auxiliares administrativos e de escrit\u00f3rio, com escolaridade a partir do ensino fundamental e remunera\u00e7\u00f5es que chegam a R$ 1.300.<\/p>\n<p>A \u00e1rea de telemarketing tamb\u00e9m oferece grande quantidade de vagas para esse p\u00fablico. S\u00e3o 93 para candidatos com ou sem experi\u00eancia, a partir do ensino fundamental completo e a remunera\u00e7\u00e3o chega a R$ 853. Na \u00e1rea de limpeza a pessoa com defici\u00eancia tamb\u00e9m vai encontrar oportunidades. S\u00e3o 83 chances para auxiliares e encarregados com ou sem experi\u00eancia, a partir do ensino fundamental incompleto, com remunera\u00e7\u00e3o de at\u00e9 R$ 868.<\/p>\n<p>Al\u00e9m das ofertas nestas \u00e1reas, o CAT tamb\u00e9m oferece oportunidades para atendentes de farm\u00e1cia (40 vagas), com ensino m\u00e9dio completo, para sal\u00e1rio de R$ 823; operadores de cobran\u00e7a (75), com ensino m\u00e9dio completo e remunera\u00e7\u00e3o que chega a R$ 789; repositor de supermercado (38), sem experi\u00eancia, a partir do fundamental incompleto e sal\u00e1rio de at\u00e9 R$ 859; recepcionista (23), com ensino m\u00e9dio completo e sal\u00e1rios que alcan\u00e7am R$ 1.400; e t\u00e9cnico de enfermagem (2), com seis meses de experi\u00eancia, ensino m\u00e9dio completo para sal\u00e1rio de R$ 2.100.<\/p>\n<p>H\u00e1 oportunidades para pessoas com todos os tipos de defici\u00eancias, como auditiva, visual, intelectual, nanismo, ostomia, entre outras. Para se candidatar a qualquer uma das vagas do quadro do CAT a pessoa com defici\u00eancia deve dirigir-se\u00a0 ao posto mais pr\u00f3ximo munido de RG, CPF, Carteira de Trabalho e n\u00famero\u00a0 do PIS, ou pela Internet, no portal MTE Mais Emprego.<\/p>\n<p>Os candidatos tamb\u00e9m podem enviar o curr\u00edculo para o e-mail: eficientes@prefeitura.sp.gov.br ou acessar o site da Prefeitura de S\u00e3o Paulo.<\/p>\n<p><strong>Servi\u00e7o:<\/strong><\/p>\n<p><strong>ZONA CENTRAL<\/strong><\/p>\n<p>CAT Luz<br \/>\nAv. Prestes Maia, 913 \/ 919<br \/>\nSegunda a sexta-feira, das 7h \u00e0s 18h<\/p>\n<p>CAT Nova Luz<br \/>\nRua Dino Bueno, altura do n\u00ba 121, nas proximidades da\u00a0esta\u00e7\u00e3o Julio Prestes\u00a0da CPTM<br \/>\nSegunda a sexta-feira, das 7h \u00e0s 18h<\/p>\n<p><strong>ZONA LESTE<br \/>\n<\/strong><\/p>\n<p>CAT Itaquera<br \/>\nRua Greg\u00f3rio Ramalho, 12<br \/>\nSegunda a sexta-feira, das 7h \u00e0s 18h<\/p>\n<p>CAT Penha<br \/>\nRua Candapu\u00ed, 492 (dentro da\u00a0Subprefeitura da Penha)<br \/>\nSegunda a sexta-feira, das 8h \u00e0s 17h<\/p>\n<p>CAT Tatuap\u00e9<br \/>\nRua Padre Estev\u00e3o Pernet, 615<br \/>\nSegunda a sexta-feira, das 8h \u00e0s 17h<\/p>\n<p>CAT Itaim Paulista<br \/>\nAv. Marechal Tito, 3.012<br \/>\nSegunda a sexta-feira, das 8h \u00e0s 17h<\/p>\n<p>CAT S\u00e3o Mateus I<br \/>\nAv. Mateo Bei, 1.641<br \/>\nSegunda a sexta-feira, das 7h \u00e0s 18h<\/p>\n<p>CAT S\u00e3o Mateus II<br \/>\nRagueb Chohfi, 1.400<br \/>\nSegunda a sexta-feira, das 8h \u00e0s 17h<\/p>\n<p>CAT S\u00e3o Miguel Paulista<br \/>\nAv. Imperador, 1900, Pr\u00f3ximo ao terminal A. E Carvalho<br \/>\nSegunda a sexta-feira, das 8h \u00e0s 17h<\/p>\n<p><strong>ZONA NORTE DE S\u00c3O PAULO<br \/>\n<\/strong><\/p>\n<p>CAT Santana<br \/>\nRua Volunt\u00e1rios da P\u00e1tria, 1.553<br \/>\nSegunda a sexta-feira, das 7h \u00e0s 18h<\/p>\n<p>CAT Tucuruvi<br \/>\nAv. General Ataliba Leonel, 2.764<br \/>\nSegunda a sexta-feira, das 8h \u00e0s 17h<\/p>\n<p>CAT Casa Verde<br \/>\nAv. Ordem e Progresso, 1.001<br \/>\nSegunda a sexta-feira, das 8h \u00e0s 17h<\/p>\n<p>CAT\u00a0Perus<br \/>\nRua Yl\u00eddio Figueiredo, 349<br \/>\nSegunda a sexta-feira, das 8h \u00e0s 17h<\/p>\n<p>CAT\u00a0Brasil\u00e2ndia<br \/>\nAv. Jo\u00e3o Marcelino Branco, 95<br \/>\nSegunda a sexta-feira, das 8h \u00e0s 17h<\/p>\n<p>CAT Ja\u00e7an\u00e3<br \/>\nAvenida Luis Stamatis, 300 \u2013 Ja\u00e7an\u00e3 \u2013 Pra\u00e7a de atendimento da\u00a0Subprefeitura Ja\u00e7an\u00e3\/Trememb\u00e9<br \/>\nSegunda a sexta-feira, das 8h \u00e0s 17h<\/p>\n<p>CAT Vila Maria<br \/>\nRua General Mendes, 111 \u2013 Vila Maria Alta \u2013\u00a0Subprefeitura Vila Maria\/Vila Guilherme<br \/>\nSegunda a sexta-feira, das 8h \u00e0s 17h<\/p>\n<p><strong>ZONA OESTE<br \/>\n<\/strong><\/p>\n<p>CAT Lapa I<br \/>\nRua Monteiro de Melo, 342<br \/>\nSegunda a sexta-feira, das 7h \u00e0s 18h<\/p>\n<p>CAT Lapa II<br \/>\nRua Afonso Sardinha, 201<br \/>\nSegunda a sexta-feira, das 8h \u00e0s 17h<\/p>\n<p><strong>ZONA SUL\u00a0<\/strong><strong><br \/>\n<\/strong><br \/>\n<strong><\/strong><strong><\/strong>CAT Interlagos<br \/>\nAv. Interlagos, 6.122<br \/>\nSegunda a sexta-feira, das 7h \u00e0s 18h<\/p>\n<p><strong><a href=\"http:\/\/www.encontrajabaquara.com.br\/jabaquara\/cat-no-jabaquara.shtml\" target=\"_blank\">CAT Jabaquara<\/a><\/strong><br \/>\n<strong> Av. Eng. Armando de Arruda Pereira, 2.314<\/strong><br \/>\n<strong> Segunda a sexta-feira, das 8h \u00e0s 17h<\/strong><\/p>\n<p>CAT Cidade Ademar<br \/>\nAv. Yervant Kissajikian, 416<br \/>\nSegunda a sexta-feira, das 8h \u00e0s 17h<\/p>\n<p>CAT Parelheiros<br \/>\nSadamu Inoue, 5.252<br \/>\nSegunda a sexta-feira, das 8h \u00e0s 17h<\/p>\n<p><em>Fonte: G1<\/em><\/p>\n","protected":false},"excerpt":{"rendered":"<p>O Centro de Apoio ao Trabalho (CAT), da Secretaria Municipal de Desenvolvimento Econ\u00f4mico e do Trabalho (Semdet), est\u00e1 com 657 vagas abertas em v\u00e1rias empresas de todas as regi\u00f5es da cidade para profissionais com defici\u00eancia. As oportunidades s\u00e3o para todos os n\u00edveis de escolaridade e a remunera\u00e7\u00e3o chega a R$ 2.100. Al\u00e9m disso, o CAT [&hellip;]<\/p>\n","protected":false},"author":1,"featured_media":0,"comment_status":"open","ping_status":"open","sticky":false,"template":"","format":"standard","meta":{"footnotes":""},"categories":[4],"tags":[],"_links":{"self":[{"href":"https:\/\/www.encontrajabaquara.com.br\/noticias\/wp-json\/wp\/v2\/posts\/1302"}],"collection":[{"href":"https:\/\/www.encontrajabaquara.com.br\/noticias\/wp-json\/wp\/v2\/posts"}],"about":[{"href":"https:\/\/www.encontrajabaquara.com.br\/noticias\/wp-json\/wp\/v2\/types\/post"}],"author":[{"embeddable":true,"href":"https:\/\/www.encontrajabaquara.com.br\/noticias\/wp-json\/wp\/v2\/users\/1"}],"replies":[{"embeddable":true,"href":"https:\/\/www.encontrajabaquara.com.br\/noticias\/wp-json\/wp\/v2\/comments?post=1302"}],"version-history":[{"count":0,"href":"https:\/\/www.encontrajabaquara.com.br\/noticias\/wp-json\/wp\/v2\/posts\/1302\/revisions"}],"wp:attachment":[{"href":"https:\/\/www.encontrajabaquara.com.br\/noticias\/wp-json\/wp\/v2\/media?parent=1302"}],"wp:term":[{"taxonomy":"category","embeddable":true,"href":"https:\/\/www.encontrajabaquara.com.br\/noticias\/wp-json\/wp\/v2\/categories?post=1302"},{"taxonomy":"post_tag","embeddable":true,"href":"https:\/\/www.encontrajabaquara.com.br\/noticias\/wp-json\/wp\/v2\/tags?post=1302"}],"curies":[{"name":"wp","href":"https:\/\/api.w.org\/{rel}","templated":true}]}}