{"id":1209,"date":"2012-05-08T13:34:03","date_gmt":"2012-05-08T15:34:03","guid":{"rendered":"http:\/\/www.encontrajabaquara.com.br\/noticias\/?p=1209"},"modified":"2013-08-14T01:32:41","modified_gmt":"2013-08-14T03:32:41","slug":"cat-jabaquara-faz-atendimento-de-refugiados","status":"publish","type":"post","link":"https:\/\/www.encontrajabaquara.com.br\/noticias\/cat-jabaquara-faz-atendimento-de-refugiados\/","title":{"rendered":"CAT Jabaquara faz atendimento de refugiados"},"content":{"rendered":"<p>O Programa Inclus\u00e3o Eficiente da Secretaria Municipal de Desenvolvimento Econ\u00f4mico e do Trabalho (Semdet), atende, desde janeiro de 2012, pessoas refugiadas. O atendimento faz parte de uma a\u00e7\u00e3o conjunta entre a Semdet, Superintend\u00eancia do Trabalho e Emprego de S\u00e3o Paulo, Secretaria do Emprego e Rela\u00e7\u00f5es do Trabalho, Centro de Acolhida para Refugiados da C\u00e1ritas S\u00e3o Paulo, Alto Comissariado das Na\u00e7\u00f5es Unidas (ACNUR), e demais entidades e \u00f3rg\u00e3os governamentais ligados ao tema do ref\u00fagio.<\/p>\n<p>Os refugiados s\u00e3o encaminhados para o Programa Inclus\u00e3o Eficiente pela C\u00e1ritas, que comparecem ao Centro de Apoio ao Trabalho (CAT) com carta de encaminhamento, curr\u00edculo e documenta\u00e7\u00e3o necess\u00e1ria para a realiza\u00e7\u00e3o de cadastro (CPF, CTPS, RNE ou protocolo de solicita\u00e7\u00e3o de ref\u00fagio). Ao chegar ao CAT, a equipe t\u00e9cnica do Programa Inclus\u00e3o Eficiente, al\u00e9m do cadastro, realiza a entrevista para tra\u00e7ar o perfil profissional e a verifica\u00e7\u00e3o de oportunidades de encaminhamento para vagas de emprego e programas sociais da Semdet (Programa Opera\u00e7\u00e3o Trabalho e Desenvolvendo Talentos).<\/p>\n<p>Refugiados s\u00e3o homens e mulheres (incluindo idosos, jovens e crian\u00e7as) que foram obrigados a deixar seus pa\u00edses de origem por causa de temor de persegui\u00e7\u00e3o por motivos de ra\u00e7a, religi\u00e3o, nacionalidade, por pertencer a um determinado grupo social ou por suas opini\u00f5es pol\u00edticas.<\/p>\n<p>Desde que come\u00e7aram a receber os refugiados, o programa j\u00e1 atendeu 50 pessoas, a grande maioria da Col\u00f4mbia e de pa\u00edses da \u00c1frica como Congo, Senegal, Angola, Camar\u00f5es, Nig\u00e9ria, G\u00e2mbia e Serra Leoa. \u201cA dificuldade que o refugiado encontra para conseguir a coloca\u00e7\u00e3o no mercado de trabalho se deve \u00e0 falta de documenta\u00e7\u00e3o, j\u00e1 que muitos n\u00e3o t\u00eam como comprovar experi\u00eancias profissionais no seu pa\u00eds de origem e a comprova\u00e7\u00e3o da escolaridade.<\/p>\n<p>O idioma \u00e9 outra barreira, pois muitos t\u00eam conhecimento m\u00ednimo do portugu\u00eas\u201d, explica o coordenador do Trabalho, Fernando Cerqueira. \u201cPor isso, antes de encaminhar o refugiado \u00e0 oportunidade de emprego, entramos em contato com a empresa para explicar sobre a sua condi\u00e7\u00e3o de refugiado e seu perfil profissional\u201d, completa a gestora do Programa Inclus\u00e3o Eficiente, Daiane de Paula Oliveira.<\/p>\n<p><strong>Servi\u00e7o:<\/strong><\/p>\n<p><strong>ZONA CENTRAL<\/strong><\/p>\n<p>CAT Luz<br \/>\nAv. Prestes Maia, 913 \/ 919<br \/>\nSegunda a sexta-feira, das 7h \u00e0s 18h<\/p>\n<p>CAT Nova Luz<br \/>\nRua Dino Bueno, altura do n\u00ba 121, nas proximidades da\u00a0esta\u00e7\u00e3o Julio Prestes\u00a0da CPTM<br \/>\nSegunda a sexta-feira, das 7h \u00e0s 18h<\/p>\n<p><strong>ZONA LESTE<br \/>\n<\/strong><\/p>\n<p>CAT Itaquera<br \/>\nRua Greg\u00f3rio Ramalho, 12<br \/>\nSegunda a sexta-feira, das 7h \u00e0s 18h<\/p>\n<p>CAT Penha<br \/>\nRua Candapu\u00ed, 492 (dentro da\u00a0Subprefeitura da Penha)<br \/>\nSegunda a sexta-feira, das 8h \u00e0s 17h<\/p>\n<p>CAT Tatuap\u00e9<br \/>\nRua Padre Estev\u00e3o Pernet, 615<br \/>\nSegunda a sexta-feira, das 8h \u00e0s 17h<\/p>\n<p>CAT Itaim Paulista<br \/>\nAv. Marechal Tito, 3.012<br \/>\nSegunda a sexta-feira, das 8h \u00e0s 17h<\/p>\n<p>CAT S\u00e3o Mateus I<br \/>\nAv. Mateo Bei, 1.641<br \/>\nSegunda a sexta-feira, das 7h \u00e0s 18h<\/p>\n<p>CAT S\u00e3o Mateus II<br \/>\nRagueb Chohfi, 1.400<br \/>\nSegunda a sexta-feira, das 8h \u00e0s 17h<\/p>\n<p>CAT S\u00e3o Miguel Paulista<br \/>\nAv. Imperador, 1900, Pr\u00f3ximo ao terminal A. E Carvalho<br \/>\nSegunda a sexta-feira, das 8h \u00e0s 17h<\/p>\n<p><strong>ZONA NORTE<\/strong><\/p>\n<p>CAT Santana<br \/>\nRua Volunt\u00e1rios da P\u00e1tria, 1.553<br \/>\nSegunda a sexta-feira, das 7h \u00e0s 18h<\/p>\n<p>CAT Tucuruvi<br \/>\nAv. General Ataliba Leonel, 2.764<br \/>\nSegunda a sexta-feira, das 8h \u00e0s 17h<\/p>\n<p>CAT Casa Verde<br \/>\nAv. Ordem e Progresso, 1.001<br \/>\nSegunda a sexta-feira, das 8h \u00e0s 17h<\/p>\n<p>CAT\u00a0Perus<br \/>\nRua Yl\u00eddio Figueiredo, 349<br \/>\nSegunda a sexta-feira, das 8h \u00e0s 17h<\/p>\n<p>CAT Ja\u00e7an\u00e3<br \/>\nAvenida Luis Stamatis, 300 \u2013 Ja\u00e7an\u00e3 \u2013 Pra\u00e7a de atendimento da\u00a0Subprefeitura Ja\u00e7an\u00e3\/Trememb\u00e9<br \/>\nSegunda a sexta-feira, das 8h \u00e0s 17h<\/p>\n<p>CAT Vila Maria<br \/>\nRua General Mendes, 111 \u2013 Vila Maria Alta \u2013\u00a0Subprefeitura Vila Maria\/Vila Guilherme<br \/>\nSegunda a sexta-feira, das 8h \u00e0s 17h<\/p>\n<p><strong>ZONA OESTE<br \/>\n<\/strong><\/p>\n<p>CAT Lapa I<br \/>\nRua Monteiro de Melo, 342<br \/>\nSegunda a sexta-feira, das 7h \u00e0s 18h<\/p>\n<p>CAT Lapa II<br \/>\nRua Afonso Sardinha, 201<br \/>\nSegunda a sexta-feira, das 8h \u00e0s 17h<\/p>\n<p><strong>ZONA SUL<\/strong><strong> DE S\u00c3O PAULO<\/strong><strong><br \/>\n<\/strong><br \/>\nCAT Interlagos<br \/>\nAv. Interlagos, 6.122<br \/>\nSegunda a sexta-feira, das 7h \u00e0s 18h<\/p>\n<p><strong><a href=\"http:\/\/www.encontrajabaquara.com.br\/jabaquara\/cat-no-jabaquara.shtml\" target=\"_blank\">CAT Jabaquara<\/a><\/strong><br \/>\n<strong> Av. Eng. Armando de Arruda Pereira, 2.314<\/strong><br \/>\n<strong> Segunda a sexta-feira, das 8h \u00e0s 17h<\/strong><\/p>\n<p>CAT Cidade Ademar<br \/>\nAv. Yervant Kissajikian, 416<br \/>\nSegunda a sexta-feira, das 8h \u00e0s 17h<\/p>\n<p>CAT Parelheiros<br \/>\nSadamu Inoue, 5.252<br \/>\nSegunda a sexta-feira, das 8h \u00e0s 17h<\/p>\n<p><em>Fonte: Prefeitura de S. Paulo<\/em><\/p>\n","protected":false},"excerpt":{"rendered":"<p>O Programa Inclus\u00e3o Eficiente da Secretaria Municipal de Desenvolvimento Econ\u00f4mico e do Trabalho (Semdet), atende, desde janeiro de 2012, pessoas refugiadas. O atendimento faz parte de uma a\u00e7\u00e3o conjunta entre a Semdet, Superintend\u00eancia do Trabalho e Emprego de S\u00e3o Paulo, Secretaria do Emprego e Rela\u00e7\u00f5es do Trabalho, Centro de Acolhida para Refugiados da C\u00e1ritas S\u00e3o [&hellip;]<\/p>\n","protected":false},"author":1,"featured_media":0,"comment_status":"open","ping_status":"open","sticky":false,"template":"","format":"standard","meta":{"footnotes":""},"categories":[4],"tags":[],"_links":{"self":[{"href":"https:\/\/www.encontrajabaquara.com.br\/noticias\/wp-json\/wp\/v2\/posts\/1209"}],"collection":[{"href":"https:\/\/www.encontrajabaquara.com.br\/noticias\/wp-json\/wp\/v2\/posts"}],"about":[{"href":"https:\/\/www.encontrajabaquara.com.br\/noticias\/wp-json\/wp\/v2\/types\/post"}],"author":[{"embeddable":true,"href":"https:\/\/www.encontrajabaquara.com.br\/noticias\/wp-json\/wp\/v2\/users\/1"}],"replies":[{"embeddable":true,"href":"https:\/\/www.encontrajabaquara.com.br\/noticias\/wp-json\/wp\/v2\/comments?post=1209"}],"version-history":[{"count":0,"href":"https:\/\/www.encontrajabaquara.com.br\/noticias\/wp-json\/wp\/v2\/posts\/1209\/revisions"}],"wp:attachment":[{"href":"https:\/\/www.encontrajabaquara.com.br\/noticias\/wp-json\/wp\/v2\/media?parent=1209"}],"wp:term":[{"taxonomy":"category","embeddable":true,"href":"https:\/\/www.encontrajabaquara.com.br\/noticias\/wp-json\/wp\/v2\/categories?post=1209"},{"taxonomy":"post_tag","embeddable":true,"href":"https:\/\/www.encontrajabaquara.com.br\/noticias\/wp-json\/wp\/v2\/tags?post=1209"}],"curies":[{"name":"wp","href":"https:\/\/api.w.org\/{rel}","templated":true}]}}