{"id":1154,"date":"2012-04-04T16:31:33","date_gmt":"2012-04-04T18:31:33","guid":{"rendered":"http:\/\/www.encontrajabaquara.com.br\/noticias\/?p=1154"},"modified":"2013-08-14T01:32:25","modified_gmt":"2013-08-14T03:32:25","slug":"obra-vai-desapropriar-50-mil-no-jabaquara","status":"publish","type":"post","link":"https:\/\/www.encontrajabaquara.com.br\/noticias\/obra-vai-desapropriar-50-mil-no-jabaquara\/","title":{"rendered":"Obra vai desapropriar 50 mil no Jabaquara"},"content":{"rendered":"<p>Morar em uma casa de quatro amplos quartos \u2013 um para cada integrante da fam\u00edlia \u2013, sala com v\u00e1rios ambientes, uma cozinha como aquelas de antigamente que, sozinha, \u00e9 quase do tamanho dos apartamentos de hoje, al\u00e9m de escrit\u00f3rio, terra\u00e7o, churrasqueira, sala de jogos e lavanderia sempre foi o sonho da fam\u00edlia do auditor fiscal Marconi Santos.<\/p>\n<p>Em 1994, o desejo se materializou com a aquisi\u00e7\u00e3o do sobrado em que moram a 500 metros da avenida Roberto Marinho, nas ruas arborizadas e largas do <a title=\"Parque Nabuco\" href=\"http:\/\/www.encontrajabaquara.com.br\/jabaquara\/parque-nabuco-no-jabaquara.shtml\">Parque Nabuco<\/a>, bairro da zona sul de SP.<\/p>\n<p>Depois de 16 anos no local, em 2010, a moradia virou motivo de intensa preocupa\u00e7\u00e3o. O sonho come\u00e7ou a ruir quando chegaram as not\u00edcias de que milhares de casas regulares da regi\u00e3o ser\u00e3o desapropriadas e demolidas para a constru\u00e7\u00e3o de um t\u00fanel e um parque. Entre elas, a casa da fam\u00edlia de Marconi. Moradias de diversas comunidades da regi\u00e3o tamb\u00e9m ser\u00e3o removidas. O conjunto de obras faz parte da Opera\u00e7\u00e3o Urbana Consorciada \u00c1gua Espraiada, de iniciativa da prefeitura de S\u00e3o Paulo, e prev\u00ea a interliga\u00e7\u00e3o da avenida Roberto Marinho (antiga \u00c1gua Espraiada) com a rodovia dos Imigrantes, acesso para a Baixada Santista.<\/p>\n<p>Dados da prefeitura divulgados na \u00faltima audi\u00eancia p\u00fablica que tratou de mudan\u00e7as no projeto inicial de 2001 para o atual, defendido pelo prefeito Gilberto Kassab (PSD), em outubro do ano passado, indicam que 7 mil fam\u00edlias de comunidades ser\u00e3o removidas. Cerca de 1.500 resid\u00eancias regulares ser\u00e3o alvo de desapropria\u00e7\u00f5es. Ao todo,\u00a0 8.500 fam\u00edlias ser\u00e3o atingidas pelo projeto. Aos moradores das comunidades, a prefeitura prometeu realojamento em habita\u00e7\u00f5es novas que ser\u00e3o constru\u00eddas. Enquanto as constru\u00e7\u00f5es n\u00e3o ficam prontas, eles devem receber aux\u00edlio-aluguel de R$ 300.<\/p>\n<p>Na avalia\u00e7\u00e3o de Marcos Munarim, integrante do Movimento \u00c1gua Espraiada, as desapropria\u00e7\u00f5es de casas regulares devem chegar a 2 mil unidades. \u201cEsta \u00e9 a obra mais cara de S\u00e3o Paulo e vai atingir 50 mil pessoas\u201d, mensurou. \u201cVai provocar uma das maiores desapropria\u00e7\u00f5es da hist\u00f3ria da capital paulista.\u201d As remo\u00e7\u00f5es de moradores das comunidades tamb\u00e9m devem estar entre as maiores da hist\u00f3ria recente do munic\u00edpio.<\/p>\n<p><strong>Revolta<\/strong><\/p>\n<p>A casa do auditor fiscal Marconi foi comprada h\u00e1 18 anos e depois ainda foram necess\u00e1rias duas longas reformas, com a fam\u00edlia no interior da casa, para deix\u00e1-la como desejavam. \u201cTudo aqui foi planejado e tudo tem uma hist\u00f3ria\u201d, revelou, ao receber a reportagem em sua garagem para quatro carros, com paredes revestidas de m\u00e1rmore.<\/p>\n<p>No quintal, o morador construiu um ref\u00fagio confort\u00e1vel e relaxante para estar com a fam\u00edlia, com cadeiras suspensas de madeira e tecido, um altar em homenagem \u00e0 Nossa Senhora da Medalha Milagrosa e um cantinho com hortel\u00e3, salsinha e cebolinha para uma alimenta\u00e7\u00e3o mais caseira. \u201c\u00c9 um pouco do jeito do interior que recriamos na capital para viver melhor\u201d, disse.<\/p>\n<p>Ele e a esposa reuniram os esfor\u00e7os de d\u00e9cadas de trabalho para viabilizar a aquisi\u00e7\u00e3o. Na \u00e9poca da compra, em 1994, a fam\u00edlia procurou uma casa especialmente confort\u00e1vel para a sogra idosa com problemas de locomo\u00e7\u00e3o. Durante 11 anos, ela viveu na casa, ao lado de tr\u00eas netos, filha e genro. \u201cDesde o in\u00edcio essa casa teve um significado especial\u201d, disse.<\/p>\n<p>O motivo de orgulho da fam\u00edlia corre s\u00e9rio risco agora. Na mesma sexta-feira (23\/03), em que a reportagem foi \u00e0 casa do auditor fiscal, ele recebeu funcion\u00e1rios da empresa terceirizada respons\u00e1vel pelo \u201clevantamento de benfeitorias dos im\u00f3veis\u201d que ser\u00e3o desapropriados. Mais tarde, informaram, vir\u00e3o agrimensores para medir as resid\u00eancias. Onde hoje \u00e9 a casa da fam\u00edlia, deve ficar o futuro \u201cemboque\u201d (entrada) do t\u00fanel.<\/p>\n<p>Placas indicando o in\u00edcio da obra \u2013 t\u00fanel e parque \u2013 j\u00e1 foram colocadas no bairro, para desespero de quem mora na regi\u00e3o. O canteiro de obras de uma das empresas respons\u00e1veis pela obra j\u00e1 est\u00e1 montado nas imedia\u00e7\u00f5es da Vila Guarani, pr\u00f3ximo \u00e0 rodovia dos Imigrantes.<\/p>\n<p>\u2014 Depois da visita das funcion\u00e1rias da Thermag senti uma dor no peito. Foi o mesmo impacto de abril de 2010, quando eu soube de mudan\u00e7as no projeto original dessa obra.<\/p>\n<p><strong>Trai\u00e7\u00e3o<\/strong><\/p>\n<p>Embora acompanhasse o desenrolar da Opera\u00e7\u00e3o Urbana \u00c1gua Espraiada desde o in\u00edcio, em 2001, Marconi s\u00f3 soube que sua casa seria alvo de desapropria\u00e7\u00e3o, devido aos novos tra\u00e7ados do t\u00fanel e do parque que foram separados em abril de 2010.<\/p>\n<p>Na ocasi\u00e3o, um advogado especializado em defender moradores desapropriados por obras p\u00fablicas deixou um folheto na casa de Marconi para oferecer o servi\u00e7o. \u201cFoi um soco no est\u00f4mago. Me senti tra\u00eddo e feito de palha\u00e7o, um joguete\u201d, lamentou. \u201cA gente fica pensando: s\u00f3 sirvo para pagar imposto?\u201d<\/p>\n<p>Ele destaca que al\u00e9m da perda material, h\u00e1 os v\u00ednculos afetivos com a vizinhan\u00e7a. \u201cSenti muita dor de est\u00f4mago, tive um come\u00e7o de depress\u00e3o, mas tamb\u00e9m um esp\u00edrito danado de luta\u201d, disse. J\u00e1 foram tantas manifesta\u00e7\u00f5es contra o projeto que ele perdeu a conta. \u201cSoprei vuvuzela em tantos lugares que n\u00e3o me recordo direito. Fizemos protestos, enviei e-mails para a grande m\u00eddia, mas eles n\u00e3o d\u00e3o essas not\u00edcias.\u201d<\/p>\n<p>Entre os receios dos moradores est\u00e1 o de que a prefeitura pague as indeniza\u00e7\u00f5es pelo valor venal dos im\u00f3veis, muito menor que o valor de mercado. \u201c\u00c9 muito dif\u00edcil encontrar uma casa como esta em outro bairro. Tudo \u00e9 muito caro em S\u00e3o Paulo. Se pagarem o valor venal, levando em conta a ultravaloriza\u00e7\u00e3o de im\u00f3veis, talvez nem quitinete seja poss\u00edvel comprar. Ir para onde? N\u00e3o temos ideia do que fazer no futuro.\u201d<\/p>\n<p>Aos 64 anos, na imin\u00eancia de perder sua casa e seu sonho e a poucos meses de aposentar-se, o auditor fiscal vasculha a internet duas vezes por dia, em busca de informa\u00e7\u00f5es sobre \u201ct\u00fanel\u201d, \u201cavenida Roberto Marinho\u201d, \u201c\u00c1gua Espraiada\u201d e \u201cKassab\u201d. \u201c\u00c9 uma agonia perder a casa. H\u00e1 dois anos estamos nessa incerteza, sem saber o que ser\u00e1 de nosso futuro\u201d, confessou. \u201cN\u00e3o nascemos em ber\u00e7o de ouro, foram necess\u00e1rios 25 anos de trabalho conjunto para ter essa casa.\u201d<\/p>\n<p><strong>Ilegal<\/strong><\/p>\n<p>Na avalia\u00e7\u00e3o dos moradores, \u00e9 importante terminar a avenida Roberto Marinho. O problema est\u00e1 na mudan\u00e7a do projeto, sem levar em conta a opini\u00e3o da popula\u00e7\u00e3o do bairro, principalmente das milhares de pessoas que ser\u00e3o atingidas com o novo formato proposto pelo prefeito Gilberto Kassab. \u201cUm t\u00fanel daquele tamanho, em que s\u00f3 passar\u00e3o autom\u00f3veis particulares, \u00e9 desnecess\u00e1rio. Todos sabemos que os carros ocupar\u00e3o todo e qualquer espa\u00e7o criado a mais nas ruas. O t\u00fanel e essas obras n\u00e3o resolvem o problema, porque n\u00e3o se destinam ao transporte coletivo\u201d, disse Marconi. Para ele, o prefeito deveria fazer grandes obras como os corredores de \u00f4nibus, mas n\u00e3o fez.<\/p>\n<p>Durante o processo de consulta p\u00fablica, os moradores reclamaram de falta de respostas e transpar\u00eancia da administra\u00e7\u00e3o municipal. \u201cSempre que questionamos como seriam as desapropria\u00e7\u00f5es, os t\u00e9cnicos da Secretaria Municipal de Habita\u00e7\u00e3o (Sehab) responderam haver\u00e1 resid\u00eancias para todos os removidos das comunidades. Mas n\u00e3o somos moradores da comunidade e ficamos at\u00e9 hoje sem saber o que pretendem em rela\u00e7\u00e3o \u00e0s milhares de casas regularizadas do bairro\u201d, disse Munarim, do Movimento \u00c1gua Espraiada.<\/p>\n<p>Outro problema envolveu a tramita\u00e7\u00e3o do Projeto de Lei 25, de 2011, que alterou o projeto inicial da opera\u00e7\u00e3o urbana, de 2001 e resultou na Lei 15.416. Segundo os moradores, o PL tramitou como altera\u00e7\u00e3o vi\u00e1ria de obras que n\u00e3o existem ainda, quando, na verdade, tratava-se de altera\u00e7\u00e3o dr\u00e1stica do projeto, uma vez que parque e t\u00fanel foram separados, e o t\u00fanel saltou de 400 metros para 2.350 metros.<\/p>\n<p>Tamb\u00e9m houve questionamento dos moradores sobre a autenticidade do Estudo de Impacto Ambiental (EIA\/Rima) apresentado pela prefeitura. \u201cO estudo \u00e9 de um t\u00fanel anterior de 2009, n\u00e3o diz respeito ao projeto atual\u201d, disse Munarim.<\/p>\n<p>Cerca de 70% do t\u00fanel que prev\u00ea a interliga\u00e7\u00e3o do bairro com a sa\u00edda para a Baixada Santista tamb\u00e9m estaria fora do per\u00edmetro. Segundo Munarim, s\u00f3 a entrada e a sa\u00edda do t\u00fanel est\u00e3o dentro da opera\u00e7\u00e3o urbana.<\/p>\n<p>O morador avalia que a C\u00e2mara Municipal deu um \u201ccheque em branco\u201d para a prefeitura ao autorizar que o per\u00edmetro seja adaptado \u00e0 obra. \u201cEra essencial determinar at\u00e9 onde esse t\u00fanel pode chegar. Para isso, existe lei espec\u00edfica para cada opera\u00e7\u00e3o urbana: para determinar onde ocorrer\u00e3o as interven\u00e7\u00f5es, onde ser\u00e3o vendidos os Cepacs (Certificados de Potencial Adicional de Constru\u00e7\u00e3o (Cepacs) e onde eles ser\u00e3o usados.\u201d<\/p>\n<p><em>Fonte: Correio do Brasil<\/em><\/p>\n","protected":false},"excerpt":{"rendered":"<p>Morar em uma casa de quatro amplos quartos \u2013 um para cada integrante da fam\u00edlia \u2013, sala com v\u00e1rios ambientes, uma cozinha como aquelas de antigamente que, sozinha, \u00e9 quase do tamanho dos apartamentos de hoje, al\u00e9m de escrit\u00f3rio, terra\u00e7o, churrasqueira, sala de jogos e lavanderia sempre foi o sonho da fam\u00edlia do auditor fiscal [&hellip;]<\/p>\n","protected":false},"author":1,"featured_media":0,"comment_status":"open","ping_status":"open","sticky":false,"template":"","format":"standard","meta":{"footnotes":""},"categories":[6],"tags":[],"_links":{"self":[{"href":"https:\/\/www.encontrajabaquara.com.br\/noticias\/wp-json\/wp\/v2\/posts\/1154"}],"collection":[{"href":"https:\/\/www.encontrajabaquara.com.br\/noticias\/wp-json\/wp\/v2\/posts"}],"about":[{"href":"https:\/\/www.encontrajabaquara.com.br\/noticias\/wp-json\/wp\/v2\/types\/post"}],"author":[{"embeddable":true,"href":"https:\/\/www.encontrajabaquara.com.br\/noticias\/wp-json\/wp\/v2\/users\/1"}],"replies":[{"embeddable":true,"href":"https:\/\/www.encontrajabaquara.com.br\/noticias\/wp-json\/wp\/v2\/comments?post=1154"}],"version-history":[{"count":0,"href":"https:\/\/www.encontrajabaquara.com.br\/noticias\/wp-json\/wp\/v2\/posts\/1154\/revisions"}],"wp:attachment":[{"href":"https:\/\/www.encontrajabaquara.com.br\/noticias\/wp-json\/wp\/v2\/media?parent=1154"}],"wp:term":[{"taxonomy":"category","embeddable":true,"href":"https:\/\/www.encontrajabaquara.com.br\/noticias\/wp-json\/wp\/v2\/categories?post=1154"},{"taxonomy":"post_tag","embeddable":true,"href":"https:\/\/www.encontrajabaquara.com.br\/noticias\/wp-json\/wp\/v2\/tags?post=1154"}],"curies":[{"name":"wp","href":"https:\/\/api.w.org\/{rel}","templated":true}]}}