{"id":109,"date":"2011-01-10T22:47:38","date_gmt":"2011-01-11T00:47:38","guid":{"rendered":"http:\/\/www.encontrajabaquara.com.br\/noticias\/?p=109"},"modified":"2013-08-14T01:30:45","modified_gmt":"2013-08-14T03:30:45","slug":"marketing-pessoal-e-o-tema-de-oficina-profissional-no-cat-jabaquara","status":"publish","type":"post","link":"https:\/\/www.encontrajabaquara.com.br\/noticias\/marketing-pessoal-e-o-tema-de-oficina-profissional-no-cat-jabaquara\/","title":{"rendered":"Marketing pessoal \u00e9 o tema de oficina profissional no CAT Jabaquara"},"content":{"rendered":"<p>Na pr\u00f3xima quarta-feira (12\/1)\u00a0 as unidades do Centro de Apoio ao  Trabalho (CAT) realizam mais uma oficina do programa Orienta\u00e7\u00e3o para o  Trabalho. O objetivo \u00e9 ensinar aos participantes a import\u00e2ncia do  marketing pessoal no mercado de trabalho.<\/p>\n<p>A oficina ter\u00e1 in\u00edcio \u00e0s 9h com uma atividade focada em estrat\u00e9gias  que ensinar\u00e1 os participantes a criarem uma marca pessoal que o ajude a  se autopromoverem no mercado de trabalho. As dicas ser\u00e3o voltadas em:  autoconhecimento, como obter um bom networking, al\u00e9m de uma imagem e um  discurso adequado.<\/p>\n<p>Os trabalhadores tamb\u00e9m participar\u00e3o de um exerc\u00edcio que ensinar\u00e1 a  montar um plano de carreira, colocando todos objetivos em uma linha do  tempo que define passado, presente e futuro.<\/p>\n<p>Os interessados devem comparecer ao CAT Lapa, Interlagos, Penha, Itaquera, Itaim Paulista, Bairro Jabaquara, Santana, S\u00e3o Mateus, Perus ou Luz, no hor\u00e1rio da atividade.<\/p>\n<p><strong>Endere\u00e7os<\/p>\n<p><\/strong>CAT Jabaquara<br \/>\nAv. Eng. Armando de Arruda Pereira, 2.314<br \/>\nSegunda a sexta-feira: 8h \u00e0s 17h<br \/>\nS\u00e1bado: 7h \u00e0s 13h<br \/>\n<em><br \/>\nFonte: Prefeitura de S. Paulo<\/em><\/p>\n","protected":false},"excerpt":{"rendered":"<p>Na pr\u00f3xima quarta-feira (12\/1)\u00a0 as unidades do Centro de Apoio ao Trabalho (CAT) realizam mais uma oficina do programa Orienta\u00e7\u00e3o para o Trabalho. O objetivo \u00e9 ensinar aos participantes a import\u00e2ncia do marketing pessoal no mercado de trabalho. A oficina ter\u00e1 in\u00edcio \u00e0s 9h com uma atividade focada em estrat\u00e9gias que ensinar\u00e1 os participantes a [&hellip;]<\/p>\n","protected":false},"author":1,"featured_media":0,"comment_status":"open","ping_status":"open","sticky":false,"template":"","format":"standard","meta":{"footnotes":""},"categories":[6],"tags":[],"_links":{"self":[{"href":"https:\/\/www.encontrajabaquara.com.br\/noticias\/wp-json\/wp\/v2\/posts\/109"}],"collection":[{"href":"https:\/\/www.encontrajabaquara.com.br\/noticias\/wp-json\/wp\/v2\/posts"}],"about":[{"href":"https:\/\/www.encontrajabaquara.com.br\/noticias\/wp-json\/wp\/v2\/types\/post"}],"author":[{"embeddable":true,"href":"https:\/\/www.encontrajabaquara.com.br\/noticias\/wp-json\/wp\/v2\/users\/1"}],"replies":[{"embeddable":true,"href":"https:\/\/www.encontrajabaquara.com.br\/noticias\/wp-json\/wp\/v2\/comments?post=109"}],"version-history":[{"count":0,"href":"https:\/\/www.encontrajabaquara.com.br\/noticias\/wp-json\/wp\/v2\/posts\/109\/revisions"}],"wp:attachment":[{"href":"https:\/\/www.encontrajabaquara.com.br\/noticias\/wp-json\/wp\/v2\/media?parent=109"}],"wp:term":[{"taxonomy":"category","embeddable":true,"href":"https:\/\/www.encontrajabaquara.com.br\/noticias\/wp-json\/wp\/v2\/categories?post=109"},{"taxonomy":"post_tag","embeddable":true,"href":"https:\/\/www.encontrajabaquara.com.br\/noticias\/wp-json\/wp\/v2\/tags?post=109"}],"curies":[{"name":"wp","href":"https:\/\/api.w.org\/{rel}","templated":true}]}}