{"id":1015,"date":"2012-02-02T11:17:36","date_gmt":"2012-02-02T13:17:36","guid":{"rendered":"http:\/\/www.encontrajabaquara.com.br\/noticias\/?p=1015"},"modified":"2013-08-14T01:27:19","modified_gmt":"2013-08-14T03:27:19","slug":"centro-cultural-do-jabaquara-apresenta-projeto-choro-da-manha","status":"publish","type":"post","link":"https:\/\/www.encontrajabaquara.com.br\/noticias\/centro-cultural-do-jabaquara-apresenta-projeto-choro-da-manha\/","title":{"rendered":"Centro Cultural do Jabaquara apresenta projeto Choro da Manh\u00e3"},"content":{"rendered":"<p>Para os amantes da boa m\u00fasica e do cavaquinho, n\u00e3o deixem de conferir neste domingo, 5 de Fevereiro \u00e0s 11h00 no Centro Cultural do Jabaquara mais uma edi\u00e7\u00e3o do projeto Choro na Manh\u00e3 com o Conjunto Retratos, grupo musical formado pelos m\u00fasicos Cesar Ricardo (Viol\u00e3o 7 cordas), Alex Mendes (Bandolim), Paulo Gilberto (Flauta), Alexander Proc\u00f3pio (Viol\u00e3o 6 cordas) Fernando Henrique (Cavaquinho) e Donisete Fernandes (Pandeiro).<\/p>\n<p>Realizado mensalmente, sempre no primeiro domingo do m\u00eas, nesta edi\u00e7\u00e3o de n.\u00ba 65, o grupo apresentar\u00e1 um recital em homenagem Waldir Azevedo, considerado um dos maiores nomes do Choro Brasileiro, que, se estivesse vivo, teria completado 89 anos no dia 27 de Janeiro. O mestre do cavaquinho fixou e perpetuou seu nome na Hist\u00f3ria da M\u00fasica Popular Brasileira atrav\u00e9s de composi\u00e7\u00f5es inesquec\u00edveis como Pedacinhos do C\u00e9u, Brasileirinho, Carioquinha, V\u00ea se Gostas, Minhas M\u00e3os meu Cavaquinho e Delicado.<\/p>\n<p>A entrada \u00e9 gratuita e antes da apresenta\u00e7\u00e3o o p\u00fablico \u00e9 recepcionado com o tradicional caf\u00e9 da manh\u00e3.<\/p>\n<p>Centro Cultural do Jabaquara<br \/>\nRua Ars\u00eanio Tavolieri n.\u00ba 45, Vila Oriental, Guia do Bairro Jabaquara<br \/>\nPr\u00f3ximo ao Metr\u00f4 Jabaquara<br \/>\n Telefone (11) 5011-2421<\/p>\n<p>Quantidade de lugares 200.<\/p>\n<p><strong>Informa\u00e7\u00f5es:<\/strong><br \/>\nSite: conjuntoretratos.com.br &#8211; Fone: (11) 8653-9603 &#8211; E-mail: conjuntoretratos@terra.com.br<\/p>\n","protected":false},"excerpt":{"rendered":"<p>Para os amantes da boa m\u00fasica e do cavaquinho, n\u00e3o deixem de conferir neste domingo, 5 de Fevereiro \u00e0s 11h00 no Centro Cultural do Jabaquara mais uma edi\u00e7\u00e3o do projeto Choro na Manh\u00e3 com o Conjunto Retratos, grupo musical formado pelos m\u00fasicos Cesar Ricardo (Viol\u00e3o 7 cordas), Alex Mendes (Bandolim), Paulo Gilberto (Flauta), Alexander Proc\u00f3pio [&hellip;]<\/p>\n","protected":false},"author":1,"featured_media":0,"comment_status":"open","ping_status":"open","sticky":false,"template":"","format":"standard","meta":{"footnotes":""},"categories":[5],"tags":[],"_links":{"self":[{"href":"https:\/\/www.encontrajabaquara.com.br\/noticias\/wp-json\/wp\/v2\/posts\/1015"}],"collection":[{"href":"https:\/\/www.encontrajabaquara.com.br\/noticias\/wp-json\/wp\/v2\/posts"}],"about":[{"href":"https:\/\/www.encontrajabaquara.com.br\/noticias\/wp-json\/wp\/v2\/types\/post"}],"author":[{"embeddable":true,"href":"https:\/\/www.encontrajabaquara.com.br\/noticias\/wp-json\/wp\/v2\/users\/1"}],"replies":[{"embeddable":true,"href":"https:\/\/www.encontrajabaquara.com.br\/noticias\/wp-json\/wp\/v2\/comments?post=1015"}],"version-history":[{"count":0,"href":"https:\/\/www.encontrajabaquara.com.br\/noticias\/wp-json\/wp\/v2\/posts\/1015\/revisions"}],"wp:attachment":[{"href":"https:\/\/www.encontrajabaquara.com.br\/noticias\/wp-json\/wp\/v2\/media?parent=1015"}],"wp:term":[{"taxonomy":"category","embeddable":true,"href":"https:\/\/www.encontrajabaquara.com.br\/noticias\/wp-json\/wp\/v2\/categories?post=1015"},{"taxonomy":"post_tag","embeddable":true,"href":"https:\/\/www.encontrajabaquara.com.br\/noticias\/wp-json\/wp\/v2\/tags?post=1015"}],"curies":[{"name":"wp","href":"https:\/\/api.w.org\/{rel}","templated":true}]}}